{"id":156,"count":1,"description":"<h1>Geri D\u00f6n\u00fc\u015f\u00fcml\u00fc \u015eerit Dar Dokuma<\/h1>\r\n<strong>Geri D\u00f6n\u00fc\u015f\u00fcml\u00fc \u015eerit Dar Dokuma, <\/strong>s\u0131k\u00e7a kullan\u0131lan dar dokuma \u00fcr\u00fcnlerinden biridir. Bilindi\u011fi gibi <strong>Recycle geri d\u00f6n\u00fc\u015f\u00fcm <\/strong>demektir. Daha \u00f6nce \u201c\u00fcr\u00fcn\u201d olan malzemelerin par\u00e7alanmas\u0131 ve yeniden \u015fekillendirilip bir \u00fcr\u00fcn haline getirilmesi s\u00fcrecidir. G\u00fcn\u00fcm\u00fczde \u00f6zellikle \u00e7evreye duyarl\u0131 olan \u00fclkeler geri d\u00f6n\u00fc\u015f\u00fcme b\u00fcy\u00fck yat\u0131r\u0131mlar yapmaktad\u0131r. Tekstil alan\u0131ndaki geri d\u00f6n\u00fc\u015f\u00fcm i\u015flemleri de Recycle \u00fcr\u00fcnleri ortaya \u00e7\u0131karmaktad\u0131r.\r\n\r\nCam, plastik, <strong>kuma\u015f, <\/strong>seramik gibi pek \u00e7ok \u00fcr\u00fcn hammadde haline getirilerek farkl\u0131 formlar kazand\u0131r\u0131lm\u0131\u015ft\u0131r. Bu formlar ile tekrar sat\u0131\u015fa sunulmu\u015ftur. Yani \u00fcr\u00fcn geri d\u00f6n\u00fc\u015ft\u00fcr\u00fclm\u00fc\u015ft\u00fcr. \u015eerit \u00fcretiminde de bu teknik kullan\u0131larak art\u0131k kuma\u015flar, at\u0131klar de\u011ferlendirilmi\u015ftir. B\u00f6ylelikle hem \u00e7evre kirlili\u011fi \u00f6nlenmi\u015f hem de israf\u0131n \u00f6n\u00fcne ge\u00e7ilmi\u015ftir.\r\n\r\n\u015eeritlerin <strong>dar dokuma \u00fcr\u00fcnleri <\/strong>oldu\u011funu ele alm\u0131\u015ft\u0131k. Peki, dar dokuma nedir? Tekstil \u00fcr\u00fcnlerini dokumak i\u00e7in bir\u00e7ok makine bulunmaktad\u0131r. Bu makinelerden baz\u0131lar\u0131 yaln\u0131zca eni dar \u00fcr\u00fcnleri dikmektedir. Dar dokuma ad\u0131 verilen teknikle 0.5 cm ile 10 cm aras\u0131nda olan \u00fcr\u00fcnler dokunmaktad\u0131r. \u015eeritler de dokunurken eni dar ve istenilen uzunlukta olacak \u015fekilde dokunmaktad\u0131r.","link":"https:\/\/emredardokuma.com\/tr\/urun-kategori\/geri-donusumlu-dar-dokuma\/geri-donusumlu-serit-dar-dokuma\/","name":"Geri D\u00f6n\u00fc\u015f\u00fcml\u00fc \u015eerit Dar Dokuma","slug":"geri-donusumlu-serit-dar-dokuma","taxonomy":"product_cat","parent":153,"meta":{"order":["28"],"product_count_product_cat":["1"],"display_type":[""],"thumbnail_id":["0"],"_et_second_description":["<h2><strong>Geri D\u00f6n\u00fc\u015f\u00fcml\u00fc \u015eerit Dar Dokuma \u00dcr\u00fcnler<\/strong><\/h2>\r\n<strong>Recycle \u015eerit \u00dcr\u00fcnleri<\/strong> kendi aras\u0131nda ayr\u0131lmaktad\u0131r. Recycle \u015ferit \u00fcr\u00fcnleri \u015funlard\u0131r:\r\n<ul>\r\n \t<li><strong> Biye \u015feritler<\/strong><\/li>\r\n<\/ul>\r\nEsnemeyen ve yakalarda kullan\u0131lan bir kuma\u015ft\u0131r. Buna ek olarak k\u0131yafet dikimden sonra diki\u015f izlerini, kapatmak i\u00e7in de kullan\u0131lmaktad\u0131r. Biyelerin dekorasyon ama\u00e7l\u0131 kullan\u0131ld\u0131\u011f\u0131n\u0131 da g\u00f6rebilirsiniz.\r\n<ul>\r\n \t<li><strong> Etnik desenli \u015feritler<\/strong><\/li>\r\n<\/ul>\r\nEtnik desenli biyeler daha \u00e7ok \u00e7i\u00e7ekli elbiselerde, yast\u0131klarda ve ev s\u00fcslemelerinde kullan\u0131lmaktad\u0131r. Etnik ve y\u00f6resel desenleri sevenler bu \u015ferit t\u00fcr\u00fcn\u00fc severek kullanmaktad\u0131r. Re\u00e7el kavanozlar\u0131ndan yatak \u00f6rt\u00fclerine kadar pek \u00e7ok yerde g\u00f6rebilirsiniz.\r\n<ul>\r\n \t<li><strong> Fantezi \u015feritler<\/strong><\/li>\r\n<\/ul>\r\nFantezi \u015ferit modeli isminden de anla\u015f\u0131laca\u011f\u0131 \u00fczere \u00e7ok daha dikkat \u00e7ekici modellerdir. Yatak \u00f6rt\u00fcs\u00fc, yast\u0131k k\u0131l\u0131f\u0131, elbise kol detay\u0131, etek u\u00e7lar\u0131 e\u015farp kenar\u0131 gibi pek \u00e7ok \u00fcr\u00fcn \u00fczerinde kullan\u0131labilir. Dikkat \u00e7ekici ve s\u00fcsl\u00fc bir yap\u0131s\u0131 olmas\u0131 sebebiyle \u00f6zellikle \u00e7eyiz sand\u0131klar\u0131nda kullan\u0131lmaktad\u0131r.\r\n<ul>\r\n \t<li><strong> Kanvas \u015feritler<\/strong><\/li>\r\n<\/ul>\r\nKanvas \u015ferit modelleri aras\u0131nda en \u00e7ok sevilenlerdendir. Bunun sebebi sade yap\u0131s\u0131 ile her alanda kolayca kullan\u0131labilmesidir. \u00d6zellikle yaz aylar\u0131nda tercih edilmektedir. \u00c7anta telefon k\u0131l\u0131f\u0131 yap\u0131m\u0131na kadar her kanvas \u015feritleri g\u00f6rebilirsiniz. Organizasyonlar\u0131n\u0131zda \u00f6zel g\u00fcnlerinizi g\u00fczelle\u015ftirmek i\u00e7in de kanvas \u015feritler sat\u0131n al\u0131nmaktad\u0131r. Duvara asabilece\u011finiz veya destek yaparak a\u00e7\u0131k havada sergileyebilece\u011finiz foto\u011fraf \u00e7ekim alanlar\u0131 olu\u015fturabilirsiniz.\r\n<ul>\r\n \t<li><strong> Kolon \u015feritler<\/strong><\/li>\r\n<\/ul>\r\nKolonlar en olarak di\u011fer \u015feritlerden daha uzundur i\u00e7erisinde s\u0131k dokumlar bulunmaktad\u0131r. \u00d6zellikle kemer, kay\u0131\u015f yap\u0131m\u0131nda kullan bu \u00fcr\u00fcnler ile siz de kendi tasar\u0131mlar\u0131n\u0131z\u0131 yapabilirsiniz.\r\n<ul>\r\n \t<li><strong> Polyester \u015feritler<\/strong><\/li>\r\n<\/ul>\r\nPolyester \u00fcr\u00fcnler; \u015fapka yap\u0131m\u0131ndan pareo yap\u0131m\u0131na kadar geni\u015f bir kullan\u0131m alan\u0131 mevcuttur.\r\n<ul>\r\n \t<li><strong> Renkli \u015feritler<\/strong><\/li>\r\n<\/ul>\r\nHer alanda kullanabilece\u011finiz \u015feritler sizlere renk se\u00e7enekleri de sunmaktad\u0131r. Dilerseniz k\u0131rm\u0131z\u0131n\u0131n enerjisini, dilerseniz siyah\u0131n asaletini se\u00e7ebilirsiniz. Renkler sade olsun istiyorsan\u0131z beyaz tonlar\u0131n\u0131 tercih edebilirsiniz. Yaln\u0131zca tek bir renk de\u011fil birden fazla rengin ve desenin bulundu\u011fu \u015ferit modelleri de mevcuttur. Bu \u00fcr\u00fcnleri G\u00fcvenle ve uzun y\u0131llar kullanabilirsiniz.\r\n\r\n&nbsp;\r\n<h2><strong>Recycle \u015eerit Fiyatlar\u0131<\/strong><\/h2>\r\n<strong>Recycle \u015eerit Fiyatlar\u0131<\/strong> \u00fcr\u00fcn\u00fcn modeline, enine, boyuna ve kullan\u0131lan malzemesine g\u00f6re fiyatland\u0131r\u0131lmaktad\u0131r. \u00dcr\u00fcn sat\u0131n al\u0131rken metre cinsinden bir \u00f6l\u00e7\u00fc kullan\u0131lmaktad\u0131r. \u00dcr\u00fcn\u00fcn\u00fcz\u00fc almadan \u00f6nce mutlaka a\u00e7\u0131klama k\u0131sm\u0131ndan eninin ka\u00e7 cm oldu\u011funu inceleyiniz. Firma taraf\u0131ndan internet sitesinde yay\u0131nlanan foto\u011fraflar yak\u0131n \u00e7ekim oldu\u011fu i\u00e7in yan\u0131lt\u0131c\u0131 olabilir.\r\n\r\n&nbsp;\r\n<h3><strong>\u00dcr\u00fcn\u00fcn\u00fcz\u00fc Se\u00e7erken Dikkat Etmeniz Gereken Di\u011fer Unsurlar Nelerdir?<\/strong><\/h3>\r\n<ul>\r\n \t<li>Mutlaka <strong>kaliteli<\/strong> bir \u00fcr\u00fcn sat\u0131n almal\u0131s\u0131n\u0131z. \u00d6zellikle k\u0131yafetlerin en \u00e7ok kullan\u0131lan ve \u00e7abuk kirlenen k\u0131s\u0131mlar\u0131nda \u015feritler bulunmaktad\u0131r. Bu sebeple hasar g\u00f6rmeye a\u00e7\u0131kt\u0131r. Y\u0131kama ile solabilir ve dokusu zedelenebilir. Uzun y\u0131llar kullanmak i\u00e7in mutlaka \u00fcr\u00fcn\u00fcn\u00fcz\u00fcn kaliteli olmas\u0131na dikkat etmelisiniz.<\/li>\r\n \t<li>\u00dcr\u00fcn\u00fc ald\u0131\u011f\u0131n\u0131z firman\u0131n g\u00fcvenilir olmas\u0131na dikkat etmelisiniz. Herhangi bir sorunda h\u0131zl\u0131 bir \u015fekilde \u00e7\u00f6z\u00fcm bulunabilmesi i\u00e7in al\u0131nan firma olduk\u00e7a \u00f6nemlidir.<\/li>\r\n \t<li>Bir di\u011fer konu ise \u00fcr\u00fcnlerinizi nas\u0131l uzun y\u0131llar g\u00fcvenle kullanabilece\u011finizdir. Dikkat etmeniz gereken unsurlar\u0131n ba\u015f\u0131nda elbette y\u0131kama, kurulama gelmektedir. \u0130nceledi\u011finizde \u015feritlerin bir\u00e7ok modelinin oldu\u011funu g\u00f6r\u00fcrs\u00fcn\u00fcz. \u00d6rne\u011fin, polyester bir \u015ferit kullan\u0131yorsan\u0131z ona g\u00f6re y\u0131kama yapmal\u0131s\u0131n\u0131z. Elde veya makinede y\u0131kama i\u015fleminde kullanaca\u011f\u0131n\u0131z deterjan\u0131 ve su s\u0131cakl\u0131\u011f\u0131n\u0131 kontrol etmelisiniz. Buna ek olarak kurutma i\u015flemini hassas yarda veya a\u00e7\u0131k havada yapmal\u0131s\u0131n\u0131z. Tamamen kurudu\u011funa emin olmad\u0131\u011f\u0131n\u0131z \u00fcr\u00fcnleri kesinlikle havas\u0131z ortamda saklamamal\u0131s\u0131n\u0131z. \u00dct\u00fcleme i\u015flemini de mutlaka ald\u0131\u011f\u0131n\u0131z \u00fcr\u00fcn\u00fcn a\u00e7\u0131klama k\u0131sm\u0131nda yer alan talimatlar\u0131na g\u00f6re yapmal\u0131s\u0131n\u0131z. Bu detaylara dikkat ederseniz \u00fcr\u00fcnlerinizi uzun y\u0131llar g\u00fcvenle kullanabilirsiniz.<\/li>\r\n<\/ul>\r\n&nbsp;\r\n<h2><strong>Dar Dokuma Recycle \u015eerit \u00dcr\u00fcnler<\/strong><\/h2>\r\n<strong>Dar dokuma<\/strong> sekt\u00f6r\u00fcnde son y\u0131llarda s\u0131kl\u0131kla tercih edilen geri d\u00f6n\u00fc\u015ft\u00fcr\u00fclm\u00fc\u015f \u00fcr\u00fcnlerle yeni \u00fcr\u00fcnler meydana getiren Emre Dar Dokuma t\u00fcm m\u00fc\u015fterilerine kaliteli, uygun fiyatl\u0131 ve g\u00fcvenilir bir al\u0131\u015fveri\u015f deneyimi sunmaktad\u0131r. Siz de sevdikleriniz i\u00e7in <strong>Emre Dar Dokuma\u2019y\u0131<\/strong> tercih edebilirsiniz.\r\n\r\n&nbsp;"]},"menu_order":28,"yoast_head":"<!-- This site is optimized with the Yoast SEO plugin v27.5 - https:\/\/yoast.com\/product\/yoast-seo-wordpress\/ -->\n<title>Geri D\u00f6n\u00fc\u015f\u00fcml\u00fc \u015eerit Dar Dokuma | Emre Dar Dokuma<\/title>\n<meta name=\"description\" content=\"Geri D\u00f6n\u00fc\u015f\u00fcml\u00fc \u015eerit Dar Dokuma, Recycle \u015eerit Fiyatlar\u0131, \u00dcr\u00fcn\u00fcn\u00fcz\u00fc Se\u00e7erken Dikkat Etmeniz Gereken Unsurlar, Dar Dokuma Recycle \u015eerit \u00dcr\u00fcnler.\" \/>\n<meta name=\"robots\" content=\"index, follow, max-snippet:-1, max-image-preview:large, max-video-preview:-1\" \/>\n<link rel=\"canonical\" href=\"https:\/\/emredardokuma.com\/tr\/urun-kategori\/geri-donusumlu-dar-dokuma\/geri-donusumlu-serit-dar-dokuma\/\" \/>\n<meta property=\"og:locale\" content=\"tr_TR\" \/>\n<meta property=\"og:type\" content=\"article\" \/>\n<meta property=\"og:title\" content=\"Geri D\u00f6n\u00fc\u015f\u00fcml\u00fc \u015eerit Dar Dokuma | Emre Dar Dokuma\" \/>\n<meta property=\"og:description\" content=\"Geri D\u00f6n\u00fc\u015f\u00fcml\u00fc \u015eerit Dar Dokuma, Recycle \u015eerit Fiyatlar\u0131, \u00dcr\u00fcn\u00fcn\u00fcz\u00fc Se\u00e7erken Dikkat Etmeniz Gereken Unsurlar, Dar Dokuma Recycle \u015eerit \u00dcr\u00fcnler.\" \/>\n<meta property=\"og:url\" content=\"https:\/\/emredardokuma.com\/tr\/urun-kategori\/geri-donusumlu-dar-dokuma\/geri-donusumlu-serit-dar-dokuma\/\" \/>\n<meta property=\"og:site_name\" content=\"Emre Narrow Woven\" \/>\n<meta name=\"twitter:card\" content=\"summary_large_image\" \/>\n<script type=\"application\/ld+json\" class=\"yoast-schema-graph\">{\"@context\":\"https:\\\/\\\/schema.org\",\"@graph\":[{\"@type\":\"CollectionPage\",\"@id\":\"https:\\\/\\\/emredardokuma.com\\\/tr\\\/urun-kategori\\\/geri-donusumlu-dar-dokuma\\\/geri-donusumlu-serit-dar-dokuma\\\/\",\"url\":\"https:\\\/\\\/emredardokuma.com\\\/tr\\\/urun-kategori\\\/geri-donusumlu-dar-dokuma\\\/geri-donusumlu-serit-dar-dokuma\\\/\",\"name\":\"Geri D\u00f6n\u00fc\u015f\u00fcml\u00fc \u015eerit Dar Dokuma | Emre Dar Dokuma\",\"isPartOf\":{\"@id\":\"https:\\\/\\\/emredardokuma.com\\\/#website\"},\"description\":\"Geri D\u00f6n\u00fc\u015f\u00fcml\u00fc \u015eerit Dar Dokuma, Recycle \u015eerit Fiyatlar\u0131, \u00dcr\u00fcn\u00fcn\u00fcz\u00fc Se\u00e7erken Dikkat Etmeniz Gereken Unsurlar, Dar Dokuma Recycle \u015eerit \u00dcr\u00fcnler.\",\"breadcrumb\":{\"@id\":\"https:\\\/\\\/emredardokuma.com\\\/tr\\\/urun-kategori\\\/geri-donusumlu-dar-dokuma\\\/geri-donusumlu-serit-dar-dokuma\\\/#breadcrumb\"},\"inLanguage\":\"tr\"},{\"@type\":\"BreadcrumbList\",\"@id\":\"https:\\\/\\\/emredardokuma.com\\\/tr\\\/urun-kategori\\\/geri-donusumlu-dar-dokuma\\\/geri-donusumlu-serit-dar-dokuma\\\/#breadcrumb\",\"itemListElement\":[{\"@type\":\"ListItem\",\"position\":1,\"name\":\"Home\",\"item\":\"https:\\\/\\\/emredardokuma.com\\\/\"},{\"@type\":\"ListItem\",\"position\":2,\"name\":\"Geri D\u00f6n\u00fc\u015f\u00fcml\u00fc Dar Dokuma\",\"item\":\"https:\\\/\\\/emredardokuma.com\\\/tr\\\/urun-kategori\\\/geri-donusumlu-dar-dokuma\\\/\"},{\"@type\":\"ListItem\",\"position\":3,\"name\":\"Geri D\u00f6n\u00fc\u015f\u00fcml\u00fc \u015eerit Dar Dokuma\"}]},{\"@type\":\"WebSite\",\"@id\":\"https:\\\/\\\/emredardokuma.com\\\/#website\",\"url\":\"https:\\\/\\\/emredardokuma.com\\\/\",\"name\":\"Emre Narrow Woven\",\"description\":\"Narrow Woven Products\",\"publisher\":{\"@id\":\"https:\\\/\\\/emredardokuma.com\\\/#organization\"},\"potentialAction\":[{\"@type\":\"SearchAction\",\"target\":{\"@type\":\"EntryPoint\",\"urlTemplate\":\"https:\\\/\\\/emredardokuma.com\\\/?s={search_term_string}\"},\"query-input\":{\"@type\":\"PropertyValueSpecification\",\"valueRequired\":true,\"valueName\":\"search_term_string\"}}],\"inLanguage\":\"tr\"},{\"@type\":\"Organization\",\"@id\":\"https:\\\/\\\/emredardokuma.com\\\/#organization\",\"name\":\"Emre Narrow Woven\",\"url\":\"https:\\\/\\\/emredardokuma.com\\\/\",\"logo\":{\"@type\":\"ImageObject\",\"inLanguage\":\"tr\",\"@id\":\"https:\\\/\\\/emredardokuma.com\\\/#\\\/schema\\\/logo\\\/image\\\/\",\"url\":\"https:\\\/\\\/emredardokuma.com\\\/wp-content\\\/uploads\\\/2022\\\/09\\\/emre-dar-dokuma.png\",\"contentUrl\":\"https:\\\/\\\/emredardokuma.com\\\/wp-content\\\/uploads\\\/2022\\\/09\\\/emre-dar-dokuma.png\",\"width\":400,\"height\":98,\"caption\":\"Emre Narrow Woven\"},\"image\":{\"@id\":\"https:\\\/\\\/emredardokuma.com\\\/#\\\/schema\\\/logo\\\/image\\\/\"}}]}<\/script>\n<!-- \/ Yoast SEO plugin. -->","yoast_head_json":{"title":"Geri D\u00f6n\u00fc\u015f\u00fcml\u00fc \u015eerit Dar Dokuma | Emre Dar Dokuma","description":"Geri D\u00f6n\u00fc\u015f\u00fcml\u00fc \u015eerit Dar Dokuma, Recycle \u015eerit Fiyatlar\u0131, \u00dcr\u00fcn\u00fcn\u00fcz\u00fc Se\u00e7erken Dikkat Etmeniz Gereken Unsurlar, Dar Dokuma Recycle \u015eerit \u00dcr\u00fcnler.","robots":{"index":"index","follow":"follow","max-snippet":"max-snippet:-1","max-image-preview":"max-image-preview:large","max-video-preview":"max-video-preview:-1"},"canonical":"https:\/\/emredardokuma.com\/tr\/urun-kategori\/geri-donusumlu-dar-dokuma\/geri-donusumlu-serit-dar-dokuma\/","og_locale":"tr_TR","og_type":"article","og_title":"Geri D\u00f6n\u00fc\u015f\u00fcml\u00fc \u015eerit Dar Dokuma | Emre Dar Dokuma","og_description":"Geri D\u00f6n\u00fc\u015f\u00fcml\u00fc \u015eerit Dar Dokuma, Recycle \u015eerit Fiyatlar\u0131, \u00dcr\u00fcn\u00fcn\u00fcz\u00fc Se\u00e7erken Dikkat Etmeniz Gereken Unsurlar, Dar Dokuma Recycle \u015eerit \u00dcr\u00fcnler.","og_url":"https:\/\/emredardokuma.com\/tr\/urun-kategori\/geri-donusumlu-dar-dokuma\/geri-donusumlu-serit-dar-dokuma\/","og_site_name":"Emre Narrow Woven","twitter_card":"summary_large_image","schema":{"@context":"https:\/\/schema.org","@graph":[{"@type":"CollectionPage","@id":"https:\/\/emredardokuma.com\/tr\/urun-kategori\/geri-donusumlu-dar-dokuma\/geri-donusumlu-serit-dar-dokuma\/","url":"https:\/\/emredardokuma.com\/tr\/urun-kategori\/geri-donusumlu-dar-dokuma\/geri-donusumlu-serit-dar-dokuma\/","name":"Geri D\u00f6n\u00fc\u015f\u00fcml\u00fc \u015eerit Dar Dokuma | Emre Dar Dokuma","isPartOf":{"@id":"https:\/\/emredardokuma.com\/#website"},"description":"Geri D\u00f6n\u00fc\u015f\u00fcml\u00fc \u015eerit Dar Dokuma, Recycle \u015eerit Fiyatlar\u0131, \u00dcr\u00fcn\u00fcn\u00fcz\u00fc Se\u00e7erken Dikkat Etmeniz Gereken Unsurlar, Dar Dokuma Recycle \u015eerit \u00dcr\u00fcnler.","breadcrumb":{"@id":"https:\/\/emredardokuma.com\/tr\/urun-kategori\/geri-donusumlu-dar-dokuma\/geri-donusumlu-serit-dar-dokuma\/#breadcrumb"},"inLanguage":"tr"},{"@type":"BreadcrumbList","@id":"https:\/\/emredardokuma.com\/tr\/urun-kategori\/geri-donusumlu-dar-dokuma\/geri-donusumlu-serit-dar-dokuma\/#breadcrumb","itemListElement":[{"@type":"ListItem","position":1,"name":"Home","item":"https:\/\/emredardokuma.com\/"},{"@type":"ListItem","position":2,"name":"Geri D\u00f6n\u00fc\u015f\u00fcml\u00fc Dar Dokuma","item":"https:\/\/emredardokuma.com\/tr\/urun-kategori\/geri-donusumlu-dar-dokuma\/"},{"@type":"ListItem","position":3,"name":"Geri D\u00f6n\u00fc\u015f\u00fcml\u00fc \u015eerit Dar Dokuma"}]},{"@type":"WebSite","@id":"https:\/\/emredardokuma.com\/#website","url":"https:\/\/emredardokuma.com\/","name":"Emre Narrow Woven","description":"Narrow Woven Products","publisher":{"@id":"https:\/\/emredardokuma.com\/#organization"},"potentialAction":[{"@type":"SearchAction","target":{"@type":"EntryPoint","urlTemplate":"https:\/\/emredardokuma.com\/?s={search_term_string}"},"query-input":{"@type":"PropertyValueSpecification","valueRequired":true,"valueName":"search_term_string"}}],"inLanguage":"tr"},{"@type":"Organization","@id":"https:\/\/emredardokuma.com\/#organization","name":"Emre Narrow Woven","url":"https:\/\/emredardokuma.com\/","logo":{"@type":"ImageObject","inLanguage":"tr","@id":"https:\/\/emredardokuma.com\/#\/schema\/logo\/image\/","url":"https:\/\/emredardokuma.com\/wp-content\/uploads\/2022\/09\/emre-dar-dokuma.png","contentUrl":"https:\/\/emredardokuma.com\/wp-content\/uploads\/2022\/09\/emre-dar-dokuma.png","width":400,"height":98,"caption":"Emre Narrow Woven"},"image":{"@id":"https:\/\/emredardokuma.com\/#\/schema\/logo\/image\/"}}]}},"_links":{"self":[{"href":"https:\/\/emredardokuma.com\/tr\/wp-json\/wp\/v2\/product_cat\/156","targetHints":{"allow":["GET"]}}],"collection":[{"href":"https:\/\/emredardokuma.com\/tr\/wp-json\/wp\/v2\/product_cat"}],"about":[{"href":"https:\/\/emredardokuma.com\/tr\/wp-json\/wp\/v2\/taxonomies\/product_cat"}],"up":[{"embeddable":true,"href":"https:\/\/emredardokuma.com\/tr\/wp-json\/wp\/v2\/product_cat\/153"}],"wp:post_type":[{"href":"https:\/\/emredardokuma.com\/tr\/wp-json\/wp\/v2\/product?product_cat=156"}],"curies":[{"name":"wp","href":"https:\/\/api.w.org\/{rel}","templated":true}]}}