{"id":151,"count":1,"description":"<h1>Organik Bal\u0131ks\u0131rt\u0131 Dar Dokuma<\/h1>\r\nDar dokuma \u00fcr\u00fcnlerden olan<strong> Organik Bal\u0131ks\u0131rt\u0131 <\/strong>hem malzemesi hem de tasar\u0131m\u0131 nedeniyle pek \u00e7ok alanda kullan\u0131lmaktad\u0131r. T\u00fcm organik \u00fcr\u00fcnler gibi bu \u00fcr\u00fcnler de ismini g\u00f6r\u00fcn\u00fc\u015f\u00fcn\u00fcn bal\u0131ks\u0131rt\u0131ndaki pullu ve desenli g\u00f6r\u00fcn\u00fcm\u00fcnden almaktad\u0131r. Makinalar ile bu g\u00f6r\u00fcnt\u00fc elde edilir. Bal\u0131ks\u0131rt\u0131 sekline getirilen ipler genellikle kendi ba\u015flar\u0131na kullan\u0131lmamaktad\u0131r. Kullan\u0131m alanlar\u0131 \u015f\u00f6yledir;\r\n<ul>\r\n \t<li>Tekstil firmalar\u0131nda \u00fcr\u00fcnlere ek olarak kullan\u0131lmaktad\u0131r.<\/li>\r\n \t<li>Hoodie, e\u015fofman en yayg\u0131n <strong>organik bal\u0131ks\u0131rt\u0131 <\/strong>kullan\u0131m alan\u0131d\u0131r.<\/li>\r\n \t<li><strong>Tak\u0131 ve s\u00fcs <\/strong>e\u015fyalar\u0131 yap\u0131m\u0131nda da bal\u0131ks\u0131rt\u0131 kullan\u0131lmaktad\u0131r. Yass\u0131 yap\u0131s\u0131 sebebiyle pek \u00e7ok ev e\u015fyas\u0131 giydirmesi yap\u0131lmaktad\u0131r.<\/li>\r\n \t<li>Hediye paketlerini s\u00fcsleme i\u015flemi yap\u0131lmaktad\u0131r. \u00d6zellikle ni\u015fan, mevlit, s\u00f6z gibi organizasyonlarda tercih edilmektedir.<\/li>\r\n \t<li>Giysi tasarlan\u0131rken kullan\u0131lmaktad\u0131r.<\/li>\r\n \t<li>\u015eapka s\u00fcslemesinde kullan\u0131lmaktad\u0131r.<\/li>\r\n<\/ul>\r\nYukar\u0131da ele ald\u0131\u011f\u0131m\u0131z kullan\u0131m alanlar\u0131 olduk\u00e7a geni\u015ftir. Hayal etti\u011finiz tasar\u0131mlar\u0131 <strong>organik bal\u0131ks\u0131rt\u0131 modeli <\/strong> ile hayata ge\u00e7irebilirsiniz.\r\n<h2><strong>Organik Bal\u0131ks\u0131rt\u0131 \u00dcr\u00fcnler<\/strong><\/h2>\r\n<strong>Organik Bal\u0131ks\u0131rt\u0131 Dar Dokuma \u00dcr\u00fcnler <\/strong>b\u00fcy\u00fck tekstil firmalar\u0131n\u0131n g\u00f6zde \u00fcr\u00fcnleri aras\u0131ndad\u0131r. Her t\u00fcrl\u00fc giysiye eklenebilecek \u00fcr\u00fcnlerdir. Buna ek olarak son zamanlarda hobi malzemesi kategorisinin de sevilen \u00fcr\u00fcnleri aras\u0131na girmi\u015flerdir. Organizasyon s\u00fcslemelerinden basit ev e\u015fyas\u0131 tasar\u0131mlar\u0131na kadar her alanda<strong> organik bal\u0131ks\u0131rt\u0131 \u00fcr\u00fcnlerini <\/strong>g\u00f6rebilirsiniz.\r\n\r\n<strong>Organik Bal\u0131ks\u0131rt\u0131 \u00dcr\u00fcnler <\/strong> \u00fc\u00e7e ayr\u0131lmaktad\u0131r. \u00dcr\u00fcn almak istedi\u011finizde <strong>Pamuk Organik Bal\u0131ks\u0131rt\u0131<\/strong>, ve <strong>Renkli Organik Bal\u0131ks\u0131rt\u0131 Modellerinin<\/strong>\u00a0oldu\u011funu g\u00f6r\u00fcrs\u00fcn\u00fcz. Daha ayr\u0131nt\u0131l\u0131 bir \u015fekilde modelleri ve \u00f6zelliklerini ele alal\u0131m;\r\n\r\n<strong>Pamuk Organic Bal\u0131ks\u0131rt\u0131 Modeli:<\/strong>\r\n\r\nBu modelin ham maddesi organik pamuktur. Olduk\u00e7a yumu\u015fak dokusu ile s\u0131kl\u0131kla tercih edilmektedir. Buna ek olarak sa\u011fl\u0131\u011fa zarar vermemesi ve zararl\u0131 kimyasallar i\u00e7ermemesi sebebiyle g\u00fcvenle kullanabilirsiniz. Bebek ve \u00e7ocuk odalar\u0131nda kullanmak i\u00e7in idealdir. \u00d6zellikle yaz aylar\u0131nda kullanmak i\u00e7in tasarlayaca\u011f\u0131n\u0131z \u00fcr\u00fcnlerde pamuk tercih etmelisiniz. Bunun sebebi teri emmesi ve kuru hissi vermesidir.\r\n\r\n<strong>Renkli Organic Bal\u0131ks\u0131rt\u0131 Modeli:<\/strong>\r\n\r\nRenkli bal\u0131ks\u0131rt\u0131 \u00fcr\u00fcnleri ham madde olarak genellikle pamuktur. Bu \u00fcr\u00fcnler yass\u0131 yap\u0131ya sahiptirler. Pembe, mavi, siyah, birden fazla rengin kar\u0131\u015f\u0131m\u0131 gibi renklere sahip olabilirler.","link":"https:\/\/emredardokuma.com\/tr\/urun-kategori\/organik-dar-dokuma\/organik-baliksirti-dar-dokuma\/","name":"Organik Bal\u0131ks\u0131rt\u0131 Dar Dokuma","slug":"organik-baliksirti-dar-dokuma","taxonomy":"product_cat","parent":149,"meta":{"order":["22"],"product_count_product_cat":["1"],"display_type":[""],"thumbnail_id":["0"],"_et_second_description":["<h2>Organic Bal\u0131ks\u0131rt\u0131 \u00dcr\u00fcnleri Se\u00e7erken Nelere Dikkat Edilmeli?<\/h2>\r\n<ul>\r\n \t<li>\u0130lk olarak yapman\u0131z gereken ihtiyac\u0131n\u0131z olan \u00fcr\u00fcn\u00fc belirlemektir. B\u00fcy\u00fck tekstil firmalar\u0131 bu konuda uzmand\u0131r ve sorun ya\u015famadan ihtiyac\u0131 olan \u00fcr\u00fcn\u00fc bilir ve \u00f6yle sipari\u015f verilir. Fakat hobi ama\u00e7l\u0131 i\u015flerde veya ilk defa \u00fcr\u00fcn al\u0131m\u0131 yapacak ki\u015filerde \u00fcr\u00fcn se\u00e7erken kafa kar\u0131\u015f\u0131kl\u0131\u011f\u0131 olu\u015facakt\u0131r. Yapman\u0131z gereken \u00fcr\u00fcn\u00fcn hammaddesini belirlemektir. \u00d6rne\u011fin yaz aylar\u0131 i\u00e7in g\u00fczel bir giysi tasar\u0131m\u0131nda kullanacaksan\u0131z veya bebe\u011finiz i\u00e7in tercih edecekseniz <strong>pamuk bal\u0131ks\u0131rt\u0131 modelini <\/strong>se\u00e7melisiniz. Organizasyon s\u00fcslemelerinde kullanacaksan\u0131z hammaddesi \u00e7ok \u00f6nemli bir etken de\u011fildir.<\/li>\r\n \t<li>Se\u00e7ti\u011finiz hammadde do\u011frultusunda \u00fcr\u00fcn\u00fcn boyutunu belirlemelisiniz. Uzunlu\u011fu ve eni olduk\u00e7a \u00f6nemli konular\u0131d\u0131r. Genellikle metre cinsinden sat\u0131lan bal\u0131ks\u0131rt\u0131 \u00fcr\u00fcnlerinde en \u00fcr\u00fcn bilgilerinde yazmaktad\u0131r. Foto\u011fraflarda eni geni\u015f g\u00f6r\u00fcnmesine ra\u011fmen elinize ula\u015ft\u0131\u011f\u0131nda size k\u00fc\u00e7\u00fck gelebilir. Unutulmamal\u0131d\u0131r ki profesyonel \u00e7ekimler kimi zaman yan\u0131lt\u0131c\u0131 olabilir. Yak\u0131n \u00e7ekimler \u00fcr\u00fcn\u00fc geni\u015f veya uzun g\u00f6sterebilir. Bu sebeple \u00fcr\u00fcn alt\u0131nda veya yan\u0131nda verilen bilgilerden en uzunlu\u011funu kontrol etmelisiniz.<\/li>\r\n \t<li>Bir di\u011fer ad\u0131mda ise en uygun rengi se\u00e7mek kalm\u0131\u015ft\u0131r. Bu a\u015famada tamamen hayal g\u00fcc\u00fcn\u00fcz\u00fc kullanabilirsiniz. Dilerseniz tasar\u0131mlar\u0131n\u0131z da z\u0131t renklerin dikkat \u00e7ekicili\u011fini, dilerseniz beyaz tonlar\u0131n\u0131n safl\u0131\u011f\u0131n\u0131n asaletini kullanabilirsiniz. <strong>Etnik desenler <\/strong>istiyorsan\u0131z birden fazla rengi kar\u0131\u015ft\u0131rarak kullanabilirsiniz.<\/li>\r\n \t<li>Yapman\u0131z gereken bir di\u011fer ad\u0131m ise emin olmakt\u0131r. Ald\u0131\u011f\u0131n\u0131z \u00fcr\u00fcn\u00fcn kaliteli oldu\u011funa, ald\u0131\u011f\u0131n\u0131z sitenin g\u00fcvenilir oldu\u011funa, sorun ya\u015fama ihtimaline kar\u015f\u0131 bir \u00e7\u00f6z\u00fcm bulunaca\u011f\u0131na emin olmak \u00f6nemlidir. \u00d6zellikle internet sat\u0131\u015flar\u0131nda pek \u00e7ok aldat\u0131c\u0131 firma bulunmaktad\u0131r. B\u00f6yle bir sorunla kar\u015f\u0131la\u015fmamak i\u00e7in g\u00fcvenilir bir firman\u0131n \u00fcr\u00fcnlerini tercih etmelisiniz.<\/li>\r\n \t<li>Son olarak dikkat edilmesi gereken nokta ise \u00fcr\u00fcn\u00fc ald\u0131ktan sonra yap\u0131lmas\u0131 \u00dcr\u00fcn\u00fc uzun y\u0131llar kullanabilmek i\u00e7in saklama ko\u015fullar\u0131na ve y\u0131kama ayar\u0131na dikkat etmelisiniz. Hammaddesine en uygun ayarda elde veya makinede y\u0131kayabilirsiniz. Yine hammaddesine uygun olacak \u0131s\u0131da \u00fct\u00fcleme i\u015flemi yapabilirsiniz. T\u00fcm bunlar\u0131 yapmadan \u00f6nce \u00fcr\u00fcn\u00fcn kullanma, y\u0131kama talimatlar\u0131n\u0131 mutlaka okumal\u0131s\u0131n\u0131z.<\/li>\r\n<\/ul>\r\n<h2>Organic Bal\u0131ks\u0131rt\u0131 Fiyatlar\u0131<\/h2>\r\n<strong>Organic bal\u0131ks\u0131rt\u0131 fiyatlar\u0131 <\/strong>\u00fcr\u00fcn\u00fcn ham maddesi, eni, boyu gibi pek \u00e7ok de\u011fi\u015fkene g\u00f6re belirlenmektedir.\u00a0 Diledi\u011finiz modelde diledi\u011finiz \u00f6l\u00e7\u00fcde pek \u00e7ok \u00fcr\u00fcne, en uygun fiyat garantisiyle <strong>Emre Dar Dokuma\u2019da<\/strong> ula\u015fabilirsiniz.\r\n<h3>Dar Dokuma Organic Bal\u0131ks\u0131rt\u0131 \u00dcr\u00fcnler<\/h3>\r\nDar dokuma \u00fcr\u00fcnleri tekstil sekt\u00f6r\u00fcn\u00fcn vazge\u00e7ilmezleridir.\u00a0 0,5 cm\u2019den 10 cm\u2019ye kadar geni\u015fli\u011fi olan \u00fcr\u00fcnler i\u00e7in bu dar dokuma \u00fcr\u00fcn\u00fc kullan\u0131lmaktad\u0131r. Organic bal\u0131ks\u0131rt\u0131 modelleri de dar dokumada ortaya \u00e7\u0131kan deseni olan \u00fcr\u00fcnlerdir. Pek \u00e7ok sekt\u00f6rde kullan\u0131lan <strong>Organic Bal\u0131ks\u0131rt\u0131<\/strong> \u00fcr\u00fcnlerine <strong>Emre Dar Dokuma<\/strong> vas\u0131tas\u0131yla ula\u015fabilirsiniz."]},"menu_order":22,"yoast_head":"<!-- This site is optimized with the Yoast SEO plugin v27.5 - https:\/\/yoast.com\/product\/yoast-seo-wordpress\/ -->\n<title>Organik Bal\u0131ks\u0131rt\u0131 Dar Dokuma | Emre Dar Dokuma<\/title>\n<meta name=\"description\" content=\"Organik Bal\u0131ks\u0131rt\u0131 Dar Dokuma, Organik Bal\u0131ks\u0131rt\u0131 \u00dcr\u00fcnleri, Organik Bal\u0131ks\u0131rt\u0131 \u00dcr\u00fcnleri Se\u00e7erken Nelere Dikkat Edilmeli, Organik Bal\u0131ks\u0131rt\u0131 Fiyatlar\u0131.\" \/>\n<meta name=\"robots\" content=\"index, follow, max-snippet:-1, max-image-preview:large, max-video-preview:-1\" \/>\n<link rel=\"canonical\" href=\"https:\/\/emredardokuma.com\/tr\/urun-kategori\/organik-dar-dokuma\/organik-baliksirti-dar-dokuma\/\" \/>\n<meta property=\"og:locale\" content=\"tr_TR\" \/>\n<meta property=\"og:type\" content=\"article\" \/>\n<meta property=\"og:title\" content=\"Organik Bal\u0131ks\u0131rt\u0131 Dar Dokuma | Emre Dar Dokuma\" \/>\n<meta property=\"og:description\" content=\"Organik Bal\u0131ks\u0131rt\u0131 Dar Dokuma, Organik Bal\u0131ks\u0131rt\u0131 \u00dcr\u00fcnleri, Organik Bal\u0131ks\u0131rt\u0131 \u00dcr\u00fcnleri Se\u00e7erken Nelere Dikkat Edilmeli, Organik Bal\u0131ks\u0131rt\u0131 Fiyatlar\u0131.\" \/>\n<meta property=\"og:url\" content=\"https:\/\/emredardokuma.com\/tr\/urun-kategori\/organik-dar-dokuma\/organik-baliksirti-dar-dokuma\/\" \/>\n<meta property=\"og:site_name\" content=\"Emre Narrow Woven\" \/>\n<meta name=\"twitter:card\" content=\"summary_large_image\" \/>\n<script type=\"application\/ld+json\" class=\"yoast-schema-graph\">{\"@context\":\"https:\\\/\\\/schema.org\",\"@graph\":[{\"@type\":\"CollectionPage\",\"@id\":\"https:\\\/\\\/emredardokuma.com\\\/tr\\\/urun-kategori\\\/organik-dar-dokuma\\\/organik-baliksirti-dar-dokuma\\\/\",\"url\":\"https:\\\/\\\/emredardokuma.com\\\/tr\\\/urun-kategori\\\/organik-dar-dokuma\\\/organik-baliksirti-dar-dokuma\\\/\",\"name\":\"Organik Bal\u0131ks\u0131rt\u0131 Dar Dokuma | Emre Dar Dokuma\",\"isPartOf\":{\"@id\":\"https:\\\/\\\/emredardokuma.com\\\/#website\"},\"description\":\"Organik Bal\u0131ks\u0131rt\u0131 Dar Dokuma, Organik Bal\u0131ks\u0131rt\u0131 \u00dcr\u00fcnleri, Organik Bal\u0131ks\u0131rt\u0131 \u00dcr\u00fcnleri Se\u00e7erken Nelere Dikkat Edilmeli, Organik Bal\u0131ks\u0131rt\u0131 Fiyatlar\u0131.\",\"breadcrumb\":{\"@id\":\"https:\\\/\\\/emredardokuma.com\\\/tr\\\/urun-kategori\\\/organik-dar-dokuma\\\/organik-baliksirti-dar-dokuma\\\/#breadcrumb\"},\"inLanguage\":\"tr\"},{\"@type\":\"BreadcrumbList\",\"@id\":\"https:\\\/\\\/emredardokuma.com\\\/tr\\\/urun-kategori\\\/organik-dar-dokuma\\\/organik-baliksirti-dar-dokuma\\\/#breadcrumb\",\"itemListElement\":[{\"@type\":\"ListItem\",\"position\":1,\"name\":\"Home\",\"item\":\"https:\\\/\\\/emredardokuma.com\\\/\"},{\"@type\":\"ListItem\",\"position\":2,\"name\":\"Organik Dar Dokuma\",\"item\":\"https:\\\/\\\/emredardokuma.com\\\/tr\\\/urun-kategori\\\/organik-dar-dokuma\\\/\"},{\"@type\":\"ListItem\",\"position\":3,\"name\":\"Organik Bal\u0131ks\u0131rt\u0131 Dar Dokuma\"}]},{\"@type\":\"WebSite\",\"@id\":\"https:\\\/\\\/emredardokuma.com\\\/#website\",\"url\":\"https:\\\/\\\/emredardokuma.com\\\/\",\"name\":\"Emre Narrow Woven\",\"description\":\"Narrow Woven Products\",\"publisher\":{\"@id\":\"https:\\\/\\\/emredardokuma.com\\\/#organization\"},\"potentialAction\":[{\"@type\":\"SearchAction\",\"target\":{\"@type\":\"EntryPoint\",\"urlTemplate\":\"https:\\\/\\\/emredardokuma.com\\\/?s={search_term_string}\"},\"query-input\":{\"@type\":\"PropertyValueSpecification\",\"valueRequired\":true,\"valueName\":\"search_term_string\"}}],\"inLanguage\":\"tr\"},{\"@type\":\"Organization\",\"@id\":\"https:\\\/\\\/emredardokuma.com\\\/#organization\",\"name\":\"Emre Narrow Woven\",\"url\":\"https:\\\/\\\/emredardokuma.com\\\/\",\"logo\":{\"@type\":\"ImageObject\",\"inLanguage\":\"tr\",\"@id\":\"https:\\\/\\\/emredardokuma.com\\\/#\\\/schema\\\/logo\\\/image\\\/\",\"url\":\"https:\\\/\\\/emredardokuma.com\\\/wp-content\\\/uploads\\\/2022\\\/09\\\/emre-dar-dokuma.png\",\"contentUrl\":\"https:\\\/\\\/emredardokuma.com\\\/wp-content\\\/uploads\\\/2022\\\/09\\\/emre-dar-dokuma.png\",\"width\":400,\"height\":98,\"caption\":\"Emre Narrow Woven\"},\"image\":{\"@id\":\"https:\\\/\\\/emredardokuma.com\\\/#\\\/schema\\\/logo\\\/image\\\/\"}}]}<\/script>\n<!-- \/ Yoast SEO plugin. -->","yoast_head_json":{"title":"Organik Bal\u0131ks\u0131rt\u0131 Dar Dokuma | Emre Dar Dokuma","description":"Organik Bal\u0131ks\u0131rt\u0131 Dar Dokuma, Organik Bal\u0131ks\u0131rt\u0131 \u00dcr\u00fcnleri, Organik Bal\u0131ks\u0131rt\u0131 \u00dcr\u00fcnleri Se\u00e7erken Nelere Dikkat Edilmeli, Organik Bal\u0131ks\u0131rt\u0131 Fiyatlar\u0131.","robots":{"index":"index","follow":"follow","max-snippet":"max-snippet:-1","max-image-preview":"max-image-preview:large","max-video-preview":"max-video-preview:-1"},"canonical":"https:\/\/emredardokuma.com\/tr\/urun-kategori\/organik-dar-dokuma\/organik-baliksirti-dar-dokuma\/","og_locale":"tr_TR","og_type":"article","og_title":"Organik Bal\u0131ks\u0131rt\u0131 Dar Dokuma | Emre Dar Dokuma","og_description":"Organik Bal\u0131ks\u0131rt\u0131 Dar Dokuma, Organik Bal\u0131ks\u0131rt\u0131 \u00dcr\u00fcnleri, Organik Bal\u0131ks\u0131rt\u0131 \u00dcr\u00fcnleri Se\u00e7erken Nelere Dikkat Edilmeli, Organik Bal\u0131ks\u0131rt\u0131 Fiyatlar\u0131.","og_url":"https:\/\/emredardokuma.com\/tr\/urun-kategori\/organik-dar-dokuma\/organik-baliksirti-dar-dokuma\/","og_site_name":"Emre Narrow Woven","twitter_card":"summary_large_image","schema":{"@context":"https:\/\/schema.org","@graph":[{"@type":"CollectionPage","@id":"https:\/\/emredardokuma.com\/tr\/urun-kategori\/organik-dar-dokuma\/organik-baliksirti-dar-dokuma\/","url":"https:\/\/emredardokuma.com\/tr\/urun-kategori\/organik-dar-dokuma\/organik-baliksirti-dar-dokuma\/","name":"Organik Bal\u0131ks\u0131rt\u0131 Dar Dokuma | Emre Dar Dokuma","isPartOf":{"@id":"https:\/\/emredardokuma.com\/#website"},"description":"Organik Bal\u0131ks\u0131rt\u0131 Dar Dokuma, Organik Bal\u0131ks\u0131rt\u0131 \u00dcr\u00fcnleri, Organik Bal\u0131ks\u0131rt\u0131 \u00dcr\u00fcnleri Se\u00e7erken Nelere Dikkat Edilmeli, Organik Bal\u0131ks\u0131rt\u0131 Fiyatlar\u0131.","breadcrumb":{"@id":"https:\/\/emredardokuma.com\/tr\/urun-kategori\/organik-dar-dokuma\/organik-baliksirti-dar-dokuma\/#breadcrumb"},"inLanguage":"tr"},{"@type":"BreadcrumbList","@id":"https:\/\/emredardokuma.com\/tr\/urun-kategori\/organik-dar-dokuma\/organik-baliksirti-dar-dokuma\/#breadcrumb","itemListElement":[{"@type":"ListItem","position":1,"name":"Home","item":"https:\/\/emredardokuma.com\/"},{"@type":"ListItem","position":2,"name":"Organik Dar Dokuma","item":"https:\/\/emredardokuma.com\/tr\/urun-kategori\/organik-dar-dokuma\/"},{"@type":"ListItem","position":3,"name":"Organik Bal\u0131ks\u0131rt\u0131 Dar Dokuma"}]},{"@type":"WebSite","@id":"https:\/\/emredardokuma.com\/#website","url":"https:\/\/emredardokuma.com\/","name":"Emre Narrow Woven","description":"Narrow Woven Products","publisher":{"@id":"https:\/\/emredardokuma.com\/#organization"},"potentialAction":[{"@type":"SearchAction","target":{"@type":"EntryPoint","urlTemplate":"https:\/\/emredardokuma.com\/?s={search_term_string}"},"query-input":{"@type":"PropertyValueSpecification","valueRequired":true,"valueName":"search_term_string"}}],"inLanguage":"tr"},{"@type":"Organization","@id":"https:\/\/emredardokuma.com\/#organization","name":"Emre Narrow Woven","url":"https:\/\/emredardokuma.com\/","logo":{"@type":"ImageObject","inLanguage":"tr","@id":"https:\/\/emredardokuma.com\/#\/schema\/logo\/image\/","url":"https:\/\/emredardokuma.com\/wp-content\/uploads\/2022\/09\/emre-dar-dokuma.png","contentUrl":"https:\/\/emredardokuma.com\/wp-content\/uploads\/2022\/09\/emre-dar-dokuma.png","width":400,"height":98,"caption":"Emre Narrow Woven"},"image":{"@id":"https:\/\/emredardokuma.com\/#\/schema\/logo\/image\/"}}]}},"_links":{"self":[{"href":"https:\/\/emredardokuma.com\/tr\/wp-json\/wp\/v2\/product_cat\/151","targetHints":{"allow":["GET"]}}],"collection":[{"href":"https:\/\/emredardokuma.com\/tr\/wp-json\/wp\/v2\/product_cat"}],"about":[{"href":"https:\/\/emredardokuma.com\/tr\/wp-json\/wp\/v2\/taxonomies\/product_cat"}],"up":[{"embeddable":true,"href":"https:\/\/emredardokuma.com\/tr\/wp-json\/wp\/v2\/product_cat\/149"}],"wp:post_type":[{"href":"https:\/\/emredardokuma.com\/tr\/wp-json\/wp\/v2\/product?product_cat=151"}],"curies":[{"name":"wp","href":"https:\/\/api.w.org\/{rel}","templated":true}]}}