{"id":150,"count":1,"description":"<h1><strong>Organik Kordon<\/strong><\/h1>\r\nKaliteli ve dayan\u0131kl\u0131 yap\u0131da \u00fcretilen <strong>Organik Kordon <\/strong>\u00fcr\u00fcnler farkl\u0131 bir\u00e7ok alanda kullan\u0131labiliyor. <strong>Tak\u0131 ve aksesuar<\/strong> tasar\u0131m\u0131ndan s\u00fcsleme ve dekorasyona kadar geni\u015f bir yelpazede yer alan Organic Kordon \u00dcr\u00fcnler hem do\u011fall\u0131\u011f\u0131 hem de \u00e7evreci olmas\u0131 nedeniyle s\u0131k\u00e7a tercih ediliyor.\r\n\r\nS\u00fcsleme malzemelerinin yap\u0131m\u0131nda kullan\u0131lan kordon modelleri, renk, boy ve kal\u0131nl\u0131k a\u00e7\u0131s\u0131ndan geni\u015f yelpaze sunuyor. Tak\u0131 ve aksesuarlar\u0131n direkt birey cildine temas etmesinden dolay\u0131 yap\u0131m esnas\u0131nda kullan\u0131lan malzemelerin sa\u011fl\u0131kl\u0131 olmas\u0131 b\u00fcy\u00fck \u00f6nem ta\u015f\u0131yor.\r\n\r\nCilt ve \u00e7evre i\u00e7in dost \u00fcr\u00fcnler olu\u015fturma imk\u00e2n\u0131 sunan <strong>Organik Kordon \u00dcr\u00fcnler <\/strong>\u00f6zellikle tak\u0131 ve aksesuar gibi kullan\u0131m alanlar\u0131nda bireyin cilt yap\u0131s\u0131nda hi\u00e7bir olumsuz reaksiyona yol a\u00e7m\u0131yor. Tak\u0131 tasar\u0131m\u0131 yaparken kullanabilece\u011finiz dayan\u0131kl\u0131 organik kordonlar sayesinde tak\u0131lar\u0131n\u0131z\u0131 uzun s\u00fcre ilk g\u00fcnk\u00fc formunda kullanman\u0131z m\u00fcmk\u00fcn oluyor.\r\n\r\nAyn\u0131 \u015fekilde sa\u011flam <strong>organik kordon<\/strong> kullan\u0131larak \u00fcretilen \u00e7anta modellerinin, uzun y\u0131llar dayand\u0131\u011f\u0131 da biliniyor. Ev ve ofis dekorasyonunda tamamlay\u0131c\u0131 rol \u00fcstlenen kordon modelleri, birbirinden g\u00fczel renk se\u00e7enekleri ile \u00f6ne \u00e7\u0131k\u0131yor. <strong>%100 pamuk<\/strong> materyal kullan\u0131larak \u00fcretilen \u00fcr\u00fcnler, her mevsim i\u00e7in uygun oluyor. \u00dcretmek istedi\u011finiz \u00fcr\u00fcne y\u00f6nelik do\u011fru par\u00e7alar\u0131n se\u00e7ilmesi, \u00fcr\u00fcn esteti\u011fini yak\u0131ndan etkiliyor.","link":"https:\/\/emredardokuma.com\/tr\/urun-kategori\/organik-dar-dokuma\/organik-kordon\/","name":"Organik Kordon","slug":"organik-kordon","taxonomy":"product_cat","parent":149,"meta":{"order":["23"],"product_count_product_cat":["1"],"display_type":[""],"thumbnail_id":["0"],"_et_second_description":["<h2><strong>Organik Kordon \u00dcr\u00fcnler <\/strong><\/h2>\r\nTak\u0131dan aksesuara, s\u00fcslemeden dekoratif \u00fcr\u00fcnlere kadar bir\u00e7ok par\u00e7a organik kordon kullan\u0131larak \u00fcretiliyor. \u015e\u0131k ve g\u00f6steri\u015fli bileklik ve kolye yap\u0131m\u0131 s\u0131ras\u0131nda organik kordon kullan\u0131l\u0131yor. Kordon kullan\u0131larak \u00fcretilen \u00fcr\u00fcnler aras\u0131nda; bileklik, halhal kolye, \u00e7anta, c\u00fczdan ve s\u00fcsleme malzemeleri bulunuyor. Canl\u0131 renk se\u00e7enekleri ve dayan\u0131kl\u0131 yap\u0131s\u0131 sayesinde kordon modelleri, bileklik ve kolyelerinizi yak\u0131ndan etkiliyor. \u00c7anta \u00e7e\u015fitlerinin \u00fcretiminde de s\u0131kl\u0131kla organik kordon kullan\u0131m\u0131na rastlan\u0131yor. Tasarlamak istedi\u011finiz \u00e7anta modeline uygun renkte kordon \u00e7e\u015fitleri bulundu\u011fu g\u00f6r\u00fcl\u00fcyor.\r\n\r\n<strong>Dekoratif<\/strong> \u00fcr\u00fcnlerinize farkl\u0131 bir dokunu\u015f yapman\u0131z\u0131 sa\u011flayan kordon modelleri, s\u00fcsleme malzemelerinin dayan\u0131kl\u0131l\u0131\u011f\u0131 \u00fczerinde belirleyici rol oynuyor. Kordon ip kullan\u0131larak \u00fcretilen bir di\u011fer \u00fcr\u00fcn ise, c\u00fczdan olarak biliniyor. Kullanmak istedi\u011finiz c\u00fczdan\u0131n renk, boy ve kal\u0131nl\u0131\u011f\u0131na g\u00f6re organik kordon alternatifleri aras\u0131ndan se\u00e7im yapman\u0131z gerekiyor.\r\n<h2><strong>Organik Kordon Fiyatlar\u0131<\/strong><\/h2>\r\nOrganik kordonlar farkl\u0131 renk ve boyutta \u00fcretiliyor. B\u00fct\u00e7enize uygun se\u00e7im yapabilece\u011finiz organik kordonlar fiyat olarak da birbirinden farkl\u0131la\u015f\u0131yor. Organik kordon fiyatlar\u0131n\u0131 belirleyen \u00e7e\u015fitli fakt\u00f6rler vard\u0131r. Kordon yap\u0131m\u0131nda kullan\u0131lan materyal, organik kordon fiyat\u0131n\u0131 belirleyen en \u00f6nemli etkendir. Pamuktan elde edilen kordon modelleri di\u011fer materyallerden \u00fcretilen kordonlara k\u0131yasla y\u00fcksek fiyatl\u0131 olabiliyor. Organik kordon rengi, kal\u0131nl\u0131\u011f\u0131 ve uzunlu\u011fu da organik kordon fiyatlar\u0131n\u0131 yak\u0131ndan etkiliyor. Yap\u0131 olarak ince, boy olarak k\u0131sa olan organik kordonlar kal\u0131n ve uzun modellere g\u00f6re uygun fiyattan sat\u0131\u015fa sunuluyor. Kordon kal\u0131nl\u0131\u011f\u0131 ve uzunlu\u011fu artt\u0131k\u00e7a organik kordon fiyatlar\u0131n\u0131n da artt\u0131\u011f\u0131 g\u00f6r\u00fcl\u00fcyor.\r\n\r\nKullan\u0131c\u0131lar\u0131n kullan\u0131m amac\u0131na uygun boy ve kal\u0131nl\u0131kta organik kordon modellerini se\u00e7meleri gerekiyor. Tak\u0131 tasar\u0131m\u0131 s\u0131ras\u0131nda ince ve k\u0131sa yap\u0131l\u0131 organik kordonlar kullan\u0131l\u0131rken; aksesuar ve dekoratif \u00fcr\u00fcn yap\u0131m\u0131nda kullan\u0131lan kordonlar\u0131n kal\u0131n ve uzun yap\u0131l\u0131 oldu\u011fu g\u00f6r\u00fcl\u00fcyor.\r\n\r\nKullan\u0131c\u0131lar\u0131n iste\u011fine g\u00f6re farkl\u0131 boyutlarda g\u00f6nderilen organik kordonlar, fiyat performans a\u00e7\u0131s\u0131ndan da avantaj sa\u011fl\u0131yor. <strong>Organik Kordon Fiyatlar\u0131 <\/strong>hakk\u0131nda detayl\u0131 bilgi almak, \u00fcr\u00fcn g\u00f6rsellerini incelemek ve hemen sipari\u015f vermek i\u00e7in Emre Dar Dokuma internet sitesini ziyaret edebilirsiniz.\r\n<h3><strong>Dar Dokuma Organik Kordon \u00dcr\u00fcnler<\/strong><\/h3>\r\nOrganik kordon modelleri, tekstil \u00fcr\u00fcnlerinden dekorasyona kadar bir\u00e7ok alanda kullan\u0131l\u0131yor. Organik kordon modelleri sayesinde tak\u0131lar\u0131n\u0131za ve aksesuarlar\u0131n\u0131za farkl\u0131 bir dokunu\u015f yapman\u0131z m\u00fcmk\u00fcn oluyor. Kolye, bileklik ve halhal \u00fcretimi s\u0131ras\u0131nda yayg\u0131n olarak kordon modelleri kullan\u0131l\u0131yor.<strong> \u00c7anta ve c\u00fczdan tasar\u0131m\u0131 <\/strong>dendi\u011finde de kordon modelleri akla ilk gelenlerden birisi oluyor. Dekorasyonunuzu tamamlayan dekoratif \u00fcr\u00fcnlerin ve s\u00fcsleme malzemelerinin \u00fcretiminde s\u0131kl\u0131kla kordon kullan\u0131ld\u0131\u011f\u0131 g\u00f6r\u00fcl\u00fcyor.\r\n\r\n\u00c7ok ama\u00e7l\u0131 olarak kullanabilece\u011finiz organik kordon modelleri, <strong>Emre Dar Dokuma<\/strong> kalitesiyle bir araya geliyor. <strong>Dayan\u0131kl\u0131 malzeme<\/strong> kullanan Emre Dar Dokuma, uzun s\u00fcre kullanabilece\u011finiz \u00fcr\u00fcnleri ile bir ad\u0131m \u00f6ne \u00e7\u0131k\u0131yor. Sa\u011fl\u0131kl\u0131 malzeme kullan\u0131m\u0131na \u00f6nem veren Emre Dar Dokuma \u00fcr\u00fcnleri, ki\u015filerin cilt yap\u0131s\u0131na zarar vermiyor. Geni\u015f \u00fcr\u00fcn yelpazesi, uygun fiyatl\u0131 \u00fcr\u00fcnleri ve kalitesiyle Emre Dar Dokuma sizleri bekliyor.\r\n\r\n&nbsp;\r\n\r\n&nbsp;"]},"menu_order":23,"yoast_head":"<!-- This site is optimized with the Yoast SEO plugin v27.5 - https:\/\/yoast.com\/product\/yoast-seo-wordpress\/ -->\n<title>Organik Kordon | Emre Dar Dokuma<\/title>\n<meta name=\"description\" content=\"Organic Kordon, Kordon Modelleri, Organic Kordon \u00dcr\u00fcnleri, Organic Kordon Fiyatlar\u0131, Emre Dar Dokuma Organik Kordon.\" \/>\n<meta name=\"robots\" content=\"index, follow, max-snippet:-1, max-image-preview:large, max-video-preview:-1\" \/>\n<link rel=\"canonical\" href=\"https:\/\/emredardokuma.com\/tr\/urun-kategori\/organik-dar-dokuma\/organik-kordon\/\" \/>\n<meta property=\"og:locale\" content=\"tr_TR\" \/>\n<meta property=\"og:type\" content=\"article\" \/>\n<meta property=\"og:title\" content=\"Organik Kordon | Emre Dar Dokuma\" \/>\n<meta property=\"og:description\" content=\"Organic Kordon, Kordon Modelleri, Organic Kordon \u00dcr\u00fcnleri, Organic Kordon Fiyatlar\u0131, Emre Dar Dokuma Organik Kordon.\" \/>\n<meta property=\"og:url\" content=\"https:\/\/emredardokuma.com\/tr\/urun-kategori\/organik-dar-dokuma\/organik-kordon\/\" \/>\n<meta property=\"og:site_name\" content=\"Emre Narrow Woven\" \/>\n<meta name=\"twitter:card\" content=\"summary_large_image\" \/>\n<script type=\"application\/ld+json\" class=\"yoast-schema-graph\">{\"@context\":\"https:\\\/\\\/schema.org\",\"@graph\":[{\"@type\":\"CollectionPage\",\"@id\":\"https:\\\/\\\/emredardokuma.com\\\/tr\\\/urun-kategori\\\/organik-dar-dokuma\\\/organik-kordon\\\/\",\"url\":\"https:\\\/\\\/emredardokuma.com\\\/tr\\\/urun-kategori\\\/organik-dar-dokuma\\\/organik-kordon\\\/\",\"name\":\"Organik Kordon | Emre Dar Dokuma\",\"isPartOf\":{\"@id\":\"https:\\\/\\\/emredardokuma.com\\\/#website\"},\"description\":\"Organic Kordon, Kordon Modelleri, Organic Kordon \u00dcr\u00fcnleri, Organic Kordon Fiyatlar\u0131, Emre Dar Dokuma Organik Kordon.\",\"breadcrumb\":{\"@id\":\"https:\\\/\\\/emredardokuma.com\\\/tr\\\/urun-kategori\\\/organik-dar-dokuma\\\/organik-kordon\\\/#breadcrumb\"},\"inLanguage\":\"tr\"},{\"@type\":\"BreadcrumbList\",\"@id\":\"https:\\\/\\\/emredardokuma.com\\\/tr\\\/urun-kategori\\\/organik-dar-dokuma\\\/organik-kordon\\\/#breadcrumb\",\"itemListElement\":[{\"@type\":\"ListItem\",\"position\":1,\"name\":\"Home\",\"item\":\"https:\\\/\\\/emredardokuma.com\\\/\"},{\"@type\":\"ListItem\",\"position\":2,\"name\":\"Organik Dar Dokuma\",\"item\":\"https:\\\/\\\/emredardokuma.com\\\/tr\\\/urun-kategori\\\/organik-dar-dokuma\\\/\"},{\"@type\":\"ListItem\",\"position\":3,\"name\":\"Organik Kordon\"}]},{\"@type\":\"WebSite\",\"@id\":\"https:\\\/\\\/emredardokuma.com\\\/#website\",\"url\":\"https:\\\/\\\/emredardokuma.com\\\/\",\"name\":\"Emre Narrow Woven\",\"description\":\"Narrow Woven Products\",\"publisher\":{\"@id\":\"https:\\\/\\\/emredardokuma.com\\\/#organization\"},\"potentialAction\":[{\"@type\":\"SearchAction\",\"target\":{\"@type\":\"EntryPoint\",\"urlTemplate\":\"https:\\\/\\\/emredardokuma.com\\\/?s={search_term_string}\"},\"query-input\":{\"@type\":\"PropertyValueSpecification\",\"valueRequired\":true,\"valueName\":\"search_term_string\"}}],\"inLanguage\":\"tr\"},{\"@type\":\"Organization\",\"@id\":\"https:\\\/\\\/emredardokuma.com\\\/#organization\",\"name\":\"Emre Narrow Woven\",\"url\":\"https:\\\/\\\/emredardokuma.com\\\/\",\"logo\":{\"@type\":\"ImageObject\",\"inLanguage\":\"tr\",\"@id\":\"https:\\\/\\\/emredardokuma.com\\\/#\\\/schema\\\/logo\\\/image\\\/\",\"url\":\"https:\\\/\\\/emredardokuma.com\\\/wp-content\\\/uploads\\\/2022\\\/09\\\/emre-dar-dokuma.png\",\"contentUrl\":\"https:\\\/\\\/emredardokuma.com\\\/wp-content\\\/uploads\\\/2022\\\/09\\\/emre-dar-dokuma.png\",\"width\":400,\"height\":98,\"caption\":\"Emre Narrow Woven\"},\"image\":{\"@id\":\"https:\\\/\\\/emredardokuma.com\\\/#\\\/schema\\\/logo\\\/image\\\/\"}}]}<\/script>\n<!-- \/ Yoast SEO plugin. -->","yoast_head_json":{"title":"Organik Kordon | Emre Dar Dokuma","description":"Organic Kordon, Kordon Modelleri, Organic Kordon \u00dcr\u00fcnleri, Organic Kordon Fiyatlar\u0131, Emre Dar Dokuma Organik Kordon.","robots":{"index":"index","follow":"follow","max-snippet":"max-snippet:-1","max-image-preview":"max-image-preview:large","max-video-preview":"max-video-preview:-1"},"canonical":"https:\/\/emredardokuma.com\/tr\/urun-kategori\/organik-dar-dokuma\/organik-kordon\/","og_locale":"tr_TR","og_type":"article","og_title":"Organik Kordon | Emre Dar Dokuma","og_description":"Organic Kordon, Kordon Modelleri, Organic Kordon \u00dcr\u00fcnleri, Organic Kordon Fiyatlar\u0131, Emre Dar Dokuma Organik Kordon.","og_url":"https:\/\/emredardokuma.com\/tr\/urun-kategori\/organik-dar-dokuma\/organik-kordon\/","og_site_name":"Emre Narrow Woven","twitter_card":"summary_large_image","schema":{"@context":"https:\/\/schema.org","@graph":[{"@type":"CollectionPage","@id":"https:\/\/emredardokuma.com\/tr\/urun-kategori\/organik-dar-dokuma\/organik-kordon\/","url":"https:\/\/emredardokuma.com\/tr\/urun-kategori\/organik-dar-dokuma\/organik-kordon\/","name":"Organik Kordon | Emre Dar Dokuma","isPartOf":{"@id":"https:\/\/emredardokuma.com\/#website"},"description":"Organic Kordon, Kordon Modelleri, Organic Kordon \u00dcr\u00fcnleri, Organic Kordon Fiyatlar\u0131, Emre Dar Dokuma Organik Kordon.","breadcrumb":{"@id":"https:\/\/emredardokuma.com\/tr\/urun-kategori\/organik-dar-dokuma\/organik-kordon\/#breadcrumb"},"inLanguage":"tr"},{"@type":"BreadcrumbList","@id":"https:\/\/emredardokuma.com\/tr\/urun-kategori\/organik-dar-dokuma\/organik-kordon\/#breadcrumb","itemListElement":[{"@type":"ListItem","position":1,"name":"Home","item":"https:\/\/emredardokuma.com\/"},{"@type":"ListItem","position":2,"name":"Organik Dar Dokuma","item":"https:\/\/emredardokuma.com\/tr\/urun-kategori\/organik-dar-dokuma\/"},{"@type":"ListItem","position":3,"name":"Organik Kordon"}]},{"@type":"WebSite","@id":"https:\/\/emredardokuma.com\/#website","url":"https:\/\/emredardokuma.com\/","name":"Emre Narrow Woven","description":"Narrow Woven Products","publisher":{"@id":"https:\/\/emredardokuma.com\/#organization"},"potentialAction":[{"@type":"SearchAction","target":{"@type":"EntryPoint","urlTemplate":"https:\/\/emredardokuma.com\/?s={search_term_string}"},"query-input":{"@type":"PropertyValueSpecification","valueRequired":true,"valueName":"search_term_string"}}],"inLanguage":"tr"},{"@type":"Organization","@id":"https:\/\/emredardokuma.com\/#organization","name":"Emre Narrow Woven","url":"https:\/\/emredardokuma.com\/","logo":{"@type":"ImageObject","inLanguage":"tr","@id":"https:\/\/emredardokuma.com\/#\/schema\/logo\/image\/","url":"https:\/\/emredardokuma.com\/wp-content\/uploads\/2022\/09\/emre-dar-dokuma.png","contentUrl":"https:\/\/emredardokuma.com\/wp-content\/uploads\/2022\/09\/emre-dar-dokuma.png","width":400,"height":98,"caption":"Emre Narrow Woven"},"image":{"@id":"https:\/\/emredardokuma.com\/#\/schema\/logo\/image\/"}}]}},"_links":{"self":[{"href":"https:\/\/emredardokuma.com\/tr\/wp-json\/wp\/v2\/product_cat\/150","targetHints":{"allow":["GET"]}}],"collection":[{"href":"https:\/\/emredardokuma.com\/tr\/wp-json\/wp\/v2\/product_cat"}],"about":[{"href":"https:\/\/emredardokuma.com\/tr\/wp-json\/wp\/v2\/taxonomies\/product_cat"}],"up":[{"embeddable":true,"href":"https:\/\/emredardokuma.com\/tr\/wp-json\/wp\/v2\/product_cat\/149"}],"wp:post_type":[{"href":"https:\/\/emredardokuma.com\/tr\/wp-json\/wp\/v2\/product?product_cat=150"}],"curies":[{"name":"wp","href":"https:\/\/api.w.org\/{rel}","templated":true}]}}