{"id":146,"count":1,"description":"<h1>Renkli Bal\u0131ks\u0131rt\u0131 Dar Dokuma<\/h1>\r\n<strong>Renkli bal\u0131ks\u0131rt\u0131 dar dokuma <\/strong>\u00fcr\u00fcnler, \u00e7apraz \u00e7izgilerle karakterize edilebilen geleneksel bir dokuma desendir. Bu desen \u00e7ok y\u00f6nl\u00fcd\u00fcr ve \u00e7ok \u00e7e\u015fitli ayar ve stillerde kullan\u0131labilir. Dokuma <strong>Renkli Bal\u0131ks\u0131rt\u0131 \u015eeritler, <\/strong>tak\u0131m elbise, spor giyim ve g\u00f6mleklik gibi klasik giyim \u00fcr\u00fcnlerinde kullan\u0131labilir. Bununla birlikte, bu \u00fcr\u00fcnlerin \u00e7ok y\u00f6nl\u00fcl\u00fc\u011f\u00fc, onu di\u011fer geleneksel desenlere g\u00f6re \u00f6n plana \u00e7\u0131kar\u0131r.\r\n\r\nBal\u0131ks\u0131rt\u0131; ceketler, kot pantolonlar, sweatshitrler, ayakkab\u0131lar, spor giysiler ve g\u00f6mleklerde aksesuar olarak kullan\u0131l\u0131r. Desen, tak\u0131m elbise ve g\u00f6mlek gibi giyim e\u015fyalar\u0131 i\u00e7in m\u00fckemmel olan do\u011fal bir doku hissi yarat\u0131r. Bu, <strong>Bal\u0131ks\u0131rt\u0131 <\/strong>tasar\u0131m\u0131n\u0131 klasik, dokulu giyim e\u015fyalar\u0131 yaratmak i\u00e7in m\u00fckemmel bir se\u00e7im haline getirir.\r\n<h2><strong>Renkli Bal\u0131ks\u0131rt\u0131 Dar Dokuma \u00dcr\u00fcnler<\/strong><\/h2>\r\n<strong>Renkli Bal\u0131ks\u0131rt\u0131 \u00dcr\u00fcnler <\/strong>\u00e7o\u011fu renk paletine kar\u015f\u0131 ho\u015f g\u00f6r\u00fcnen do\u011fal dokulu bir g\u00f6r\u00fcn\u00fcm yarat\u0131r. Bu \u015feritlerin di\u011fer giysiler ve aksesuarlarla kombine edilmesi kolayd\u0131r. Bu da<strong> Renkli Bal\u0131ks\u0131rt\u0131 <\/strong>tasar\u0131m\u0131n\u0131 klasik giyim \u00f6\u011feleri olu\u015fturmak i\u00e7in m\u00fckemmel bir se\u00e7im haline getirir.\r\n\r\nBal\u0131ks\u0131rt\u0131 deseni, do\u011fal olarak giysi tasar\u0131mlar\u0131na \u00e7e\u015fitlilik katmak i\u00e7in kullan\u0131labilecek bir derinlik hissi yarat\u0131r. Farkl\u0131 giysilerle do\u011fal olarak yap\u0131land\u0131r\u0131lm\u0131\u015f bir g\u00f6r\u00fcn\u00fcm olu\u015fturdu\u011fundan, tak\u0131m elbise, spor giyim ve g\u00f6mleklik gibi \u00fcr\u00fcnlerde aksesuar olarak kullan\u0131lmak i\u00e7in ideal bir se\u00e7imdir. Bu, yarat\u0131c\u0131n\u0131n fazla \u00e7aba harcamas\u0131na gerek kalmadan tasar\u0131mlara do\u011fal olarak derinlik katt\u0131\u011f\u0131 i\u00e7in bal\u0131ks\u0131rt\u0131 deseni klasik giyim \u00f6\u011feleri olu\u015fturmak i\u00e7in m\u00fckemmel bir alternatiftir.\r\n<h3><strong>Renkli Bal\u0131ks\u0131rt\u0131 \u00dcr\u00fcnler<\/strong><\/h3>\r\n<strong>Dar Dokuma Renkli<\/strong> <strong>Bal\u0131ks\u0131rt\u0131 \u00dcr\u00fcnler<\/strong> tekstil sekt\u00f6r\u00fcnde olduk\u00e7a pop\u00fclerdir ve geni\u015f bir \u00fcr\u00fcn yelpazesine sahiptir. Renkli bal\u0131ks\u0131rt\u0131 \u00fcr\u00fcnler t\u00fcm renklerde yap\u0131ld\u0131\u011f\u0131 i\u00e7in di\u011fer renklerle kombine edilmesi kolayd\u0131r\r\n\r\nDayan\u0131kl\u0131l\u0131\u011f\u0131, a\u015f\u0131nma ve y\u0131pranmaya kar\u015f\u0131 direnci nedeniyle \u00e7e\u015fitli uygulamalar i\u00e7in idealdir. Bal\u0131ks\u0131rt\u0131, giyim ve \u00e7antalarda kullan\u0131ld\u0131\u011f\u0131nda di\u011fer se\u00e7eneklere k\u0131yasla ola\u011fan\u00fcst\u00fc bir fiyat\/performans de\u011feri sa\u011flar. Bak\u0131m\u0131 ve onar\u0131m\u0131 kolay oldu\u011fu i\u00e7in giyim i\u00e7in harika bir se\u00e7imdir. Bir diki\u015f a\u00e7\u0131l\u0131rsa, sadece dikin ve haz\u0131rs\u0131n\u0131z!","link":"https:\/\/emredardokuma.com\/tr\/urun-kategori\/baliksirti-dar-dokuma\/renkli-baliksirti-dar-dokuma\/","name":"Renkli Bal\u0131ks\u0131rt\u0131 Dar Dokuma","slug":"renkli-baliksirti-dar-dokuma","taxonomy":"product_cat","parent":145,"meta":{"order":["5"],"product_count_product_cat":["1"],"display_type":[""],"thumbnail_id":["0"],"_et_second_description":["<strong>Dar Dokuma Renkli<\/strong> <strong>Bal\u0131ks\u0131rt\u0131 \u00dcr\u00fcnler<\/strong> esnek yap\u0131l\u0131d\u0131r. Bu, onlar\u0131 farkl\u0131 \u015fekil ve boyutlarda \u00fcr\u00fcnler olu\u015fturmak i\u00e7in ideal k\u0131lar. \u00d6rne\u011fin kullan\u0131lmad\u0131\u011f\u0131nda kolayca katlanabilen \u00e7antalar ya da kal\u00e7a veya omuz gibi belirli v\u00fccut b\u00f6l\u00fcmlerine kolayca esneyebilen giysiler bunlar aras\u0131nda say\u0131labilir. Dar dokuma \u00fcr\u00fcnler, k\u00f6\u015feleri b\u00fckmek i\u00e7in yeterince hafif ve esnek olduklar\u0131ndan mobilya \u00fcr\u00fcnleri i\u00e7in de idealdir. Bak\u0131m\u0131n\u0131n, onar\u0131m\u0131n\u0131n ve temizli\u011finin kolay olmas\u0131 bu \u00fcr\u00fcnleri m\u00fckemmel bir se\u00e7im haline getirir. Temizlenmesi ve bak\u0131m\u0131 kolay oldu\u011fu i\u00e7in k\u0131yafetlerde aksesuar olarak kullan\u0131labilecek en uygun \u00fcr\u00fcnlerden biridir.\r\n\r\n&nbsp;\r\n<h3><strong>Renkli Bal\u0131ks\u0131rt\u0131 Fiyatlar\u0131<\/strong><\/h3>\r\nRenkli Bal\u0131ks\u0131rt\u0131 \u00fcr\u00fcnler bir\u00e7ok k\u0131yafette aksesuar olarak kullan\u0131l\u0131r Spor giyim, klasik giyim, kad\u0131n, erkek giyim vb. <strong>Renkli Bal\u0131ks\u0131rt\u0131 Fiyatlar\u0131<\/strong> \u00fcr\u00fcn kalitesine, t\u00fcr\u00fcne ve markas\u0131na g\u00f6re de\u011fi\u015fkendir. Bu y\u00fczden<strong> Renkli<\/strong> <strong>Bal\u0131ks\u0131rt\u0131<\/strong> <strong>\u00dcr\u00fcnler<\/strong> hakk\u0131nda fiyat alabilmek i\u00e7in sat\u0131c\u0131lar\u0131n ma\u011fazalar\u0131n\u0131 ziyaret etmek gerekir."]},"menu_order":5,"yoast_head":"<!-- This site is optimized with the Yoast SEO plugin v27.5 - https:\/\/yoast.com\/product\/yoast-seo-wordpress\/ -->\n<title>Renkli Bal\u0131ks\u0131rt\u0131 Dar Dokuma | Emre Dar Dokuma<\/title>\n<meta name=\"description\" content=\"Renkli Bal\u0131ks\u0131rt\u0131 Dar Dokuma, Renkli Bal\u0131ks\u0131rt\u0131 \u00dcr\u00fcnleri, Dar Dokuma Renkli Bal\u0131ks\u0131rt\u0131 \u00dcr\u00fcnleri, Renkli Bal\u0131ks\u0131rt\u0131 Fiyatlar\u0131.\" \/>\n<meta name=\"robots\" content=\"index, follow, max-snippet:-1, max-image-preview:large, max-video-preview:-1\" \/>\n<link rel=\"canonical\" href=\"https:\/\/emredardokuma.com\/tr\/urun-kategori\/baliksirti-dar-dokuma\/renkli-baliksirti-dar-dokuma\/\" \/>\n<meta property=\"og:locale\" content=\"tr_TR\" \/>\n<meta property=\"og:type\" content=\"article\" \/>\n<meta property=\"og:title\" content=\"Renkli Bal\u0131ks\u0131rt\u0131 Dar Dokuma | Emre Dar Dokuma\" \/>\n<meta property=\"og:description\" content=\"Renkli Bal\u0131ks\u0131rt\u0131 Dar Dokuma, Renkli Bal\u0131ks\u0131rt\u0131 \u00dcr\u00fcnleri, Dar Dokuma Renkli Bal\u0131ks\u0131rt\u0131 \u00dcr\u00fcnleri, Renkli Bal\u0131ks\u0131rt\u0131 Fiyatlar\u0131.\" \/>\n<meta property=\"og:url\" content=\"https:\/\/emredardokuma.com\/tr\/urun-kategori\/baliksirti-dar-dokuma\/renkli-baliksirti-dar-dokuma\/\" \/>\n<meta property=\"og:site_name\" content=\"Emre Narrow Woven\" \/>\n<meta name=\"twitter:card\" content=\"summary_large_image\" \/>\n<script type=\"application\/ld+json\" class=\"yoast-schema-graph\">{\"@context\":\"https:\\\/\\\/schema.org\",\"@graph\":[{\"@type\":\"CollectionPage\",\"@id\":\"https:\\\/\\\/emredardokuma.com\\\/tr\\\/urun-kategori\\\/baliksirti-dar-dokuma\\\/renkli-baliksirti-dar-dokuma\\\/\",\"url\":\"https:\\\/\\\/emredardokuma.com\\\/tr\\\/urun-kategori\\\/baliksirti-dar-dokuma\\\/renkli-baliksirti-dar-dokuma\\\/\",\"name\":\"Renkli Bal\u0131ks\u0131rt\u0131 Dar Dokuma | Emre Dar Dokuma\",\"isPartOf\":{\"@id\":\"https:\\\/\\\/emredardokuma.com\\\/#website\"},\"description\":\"Renkli Bal\u0131ks\u0131rt\u0131 Dar Dokuma, Renkli Bal\u0131ks\u0131rt\u0131 \u00dcr\u00fcnleri, Dar Dokuma Renkli Bal\u0131ks\u0131rt\u0131 \u00dcr\u00fcnleri, Renkli Bal\u0131ks\u0131rt\u0131 Fiyatlar\u0131.\",\"breadcrumb\":{\"@id\":\"https:\\\/\\\/emredardokuma.com\\\/tr\\\/urun-kategori\\\/baliksirti-dar-dokuma\\\/renkli-baliksirti-dar-dokuma\\\/#breadcrumb\"},\"inLanguage\":\"tr\"},{\"@type\":\"BreadcrumbList\",\"@id\":\"https:\\\/\\\/emredardokuma.com\\\/tr\\\/urun-kategori\\\/baliksirti-dar-dokuma\\\/renkli-baliksirti-dar-dokuma\\\/#breadcrumb\",\"itemListElement\":[{\"@type\":\"ListItem\",\"position\":1,\"name\":\"Home\",\"item\":\"https:\\\/\\\/emredardokuma.com\\\/\"},{\"@type\":\"ListItem\",\"position\":2,\"name\":\"Bal\u0131ks\u0131rt\u0131 Dar Dokuma\",\"item\":\"https:\\\/\\\/emredardokuma.com\\\/tr\\\/urun-kategori\\\/baliksirti-dar-dokuma\\\/\"},{\"@type\":\"ListItem\",\"position\":3,\"name\":\"Renkli Bal\u0131ks\u0131rt\u0131 Dar Dokuma\"}]},{\"@type\":\"WebSite\",\"@id\":\"https:\\\/\\\/emredardokuma.com\\\/#website\",\"url\":\"https:\\\/\\\/emredardokuma.com\\\/\",\"name\":\"Emre Narrow Woven\",\"description\":\"Narrow Woven Products\",\"publisher\":{\"@id\":\"https:\\\/\\\/emredardokuma.com\\\/#organization\"},\"potentialAction\":[{\"@type\":\"SearchAction\",\"target\":{\"@type\":\"EntryPoint\",\"urlTemplate\":\"https:\\\/\\\/emredardokuma.com\\\/?s={search_term_string}\"},\"query-input\":{\"@type\":\"PropertyValueSpecification\",\"valueRequired\":true,\"valueName\":\"search_term_string\"}}],\"inLanguage\":\"tr\"},{\"@type\":\"Organization\",\"@id\":\"https:\\\/\\\/emredardokuma.com\\\/#organization\",\"name\":\"Emre Narrow Woven\",\"url\":\"https:\\\/\\\/emredardokuma.com\\\/\",\"logo\":{\"@type\":\"ImageObject\",\"inLanguage\":\"tr\",\"@id\":\"https:\\\/\\\/emredardokuma.com\\\/#\\\/schema\\\/logo\\\/image\\\/\",\"url\":\"https:\\\/\\\/emredardokuma.com\\\/wp-content\\\/uploads\\\/2022\\\/09\\\/emre-dar-dokuma.png\",\"contentUrl\":\"https:\\\/\\\/emredardokuma.com\\\/wp-content\\\/uploads\\\/2022\\\/09\\\/emre-dar-dokuma.png\",\"width\":400,\"height\":98,\"caption\":\"Emre Narrow Woven\"},\"image\":{\"@id\":\"https:\\\/\\\/emredardokuma.com\\\/#\\\/schema\\\/logo\\\/image\\\/\"}}]}<\/script>\n<!-- \/ Yoast SEO plugin. -->","yoast_head_json":{"title":"Renkli Bal\u0131ks\u0131rt\u0131 Dar Dokuma | Emre Dar Dokuma","description":"Renkli Bal\u0131ks\u0131rt\u0131 Dar Dokuma, Renkli Bal\u0131ks\u0131rt\u0131 \u00dcr\u00fcnleri, Dar Dokuma Renkli Bal\u0131ks\u0131rt\u0131 \u00dcr\u00fcnleri, Renkli Bal\u0131ks\u0131rt\u0131 Fiyatlar\u0131.","robots":{"index":"index","follow":"follow","max-snippet":"max-snippet:-1","max-image-preview":"max-image-preview:large","max-video-preview":"max-video-preview:-1"},"canonical":"https:\/\/emredardokuma.com\/tr\/urun-kategori\/baliksirti-dar-dokuma\/renkli-baliksirti-dar-dokuma\/","og_locale":"tr_TR","og_type":"article","og_title":"Renkli Bal\u0131ks\u0131rt\u0131 Dar Dokuma | Emre Dar Dokuma","og_description":"Renkli Bal\u0131ks\u0131rt\u0131 Dar Dokuma, Renkli Bal\u0131ks\u0131rt\u0131 \u00dcr\u00fcnleri, Dar Dokuma Renkli Bal\u0131ks\u0131rt\u0131 \u00dcr\u00fcnleri, Renkli Bal\u0131ks\u0131rt\u0131 Fiyatlar\u0131.","og_url":"https:\/\/emredardokuma.com\/tr\/urun-kategori\/baliksirti-dar-dokuma\/renkli-baliksirti-dar-dokuma\/","og_site_name":"Emre Narrow Woven","twitter_card":"summary_large_image","schema":{"@context":"https:\/\/schema.org","@graph":[{"@type":"CollectionPage","@id":"https:\/\/emredardokuma.com\/tr\/urun-kategori\/baliksirti-dar-dokuma\/renkli-baliksirti-dar-dokuma\/","url":"https:\/\/emredardokuma.com\/tr\/urun-kategori\/baliksirti-dar-dokuma\/renkli-baliksirti-dar-dokuma\/","name":"Renkli Bal\u0131ks\u0131rt\u0131 Dar Dokuma | Emre Dar Dokuma","isPartOf":{"@id":"https:\/\/emredardokuma.com\/#website"},"description":"Renkli Bal\u0131ks\u0131rt\u0131 Dar Dokuma, Renkli Bal\u0131ks\u0131rt\u0131 \u00dcr\u00fcnleri, Dar Dokuma Renkli Bal\u0131ks\u0131rt\u0131 \u00dcr\u00fcnleri, Renkli Bal\u0131ks\u0131rt\u0131 Fiyatlar\u0131.","breadcrumb":{"@id":"https:\/\/emredardokuma.com\/tr\/urun-kategori\/baliksirti-dar-dokuma\/renkli-baliksirti-dar-dokuma\/#breadcrumb"},"inLanguage":"tr"},{"@type":"BreadcrumbList","@id":"https:\/\/emredardokuma.com\/tr\/urun-kategori\/baliksirti-dar-dokuma\/renkli-baliksirti-dar-dokuma\/#breadcrumb","itemListElement":[{"@type":"ListItem","position":1,"name":"Home","item":"https:\/\/emredardokuma.com\/"},{"@type":"ListItem","position":2,"name":"Bal\u0131ks\u0131rt\u0131 Dar Dokuma","item":"https:\/\/emredardokuma.com\/tr\/urun-kategori\/baliksirti-dar-dokuma\/"},{"@type":"ListItem","position":3,"name":"Renkli Bal\u0131ks\u0131rt\u0131 Dar Dokuma"}]},{"@type":"WebSite","@id":"https:\/\/emredardokuma.com\/#website","url":"https:\/\/emredardokuma.com\/","name":"Emre Narrow Woven","description":"Narrow Woven Products","publisher":{"@id":"https:\/\/emredardokuma.com\/#organization"},"potentialAction":[{"@type":"SearchAction","target":{"@type":"EntryPoint","urlTemplate":"https:\/\/emredardokuma.com\/?s={search_term_string}"},"query-input":{"@type":"PropertyValueSpecification","valueRequired":true,"valueName":"search_term_string"}}],"inLanguage":"tr"},{"@type":"Organization","@id":"https:\/\/emredardokuma.com\/#organization","name":"Emre Narrow Woven","url":"https:\/\/emredardokuma.com\/","logo":{"@type":"ImageObject","inLanguage":"tr","@id":"https:\/\/emredardokuma.com\/#\/schema\/logo\/image\/","url":"https:\/\/emredardokuma.com\/wp-content\/uploads\/2022\/09\/emre-dar-dokuma.png","contentUrl":"https:\/\/emredardokuma.com\/wp-content\/uploads\/2022\/09\/emre-dar-dokuma.png","width":400,"height":98,"caption":"Emre Narrow Woven"},"image":{"@id":"https:\/\/emredardokuma.com\/#\/schema\/logo\/image\/"}}]}},"_links":{"self":[{"href":"https:\/\/emredardokuma.com\/tr\/wp-json\/wp\/v2\/product_cat\/146","targetHints":{"allow":["GET"]}}],"collection":[{"href":"https:\/\/emredardokuma.com\/tr\/wp-json\/wp\/v2\/product_cat"}],"about":[{"href":"https:\/\/emredardokuma.com\/tr\/wp-json\/wp\/v2\/taxonomies\/product_cat"}],"up":[{"embeddable":true,"href":"https:\/\/emredardokuma.com\/tr\/wp-json\/wp\/v2\/product_cat\/145"}],"wp:post_type":[{"href":"https:\/\/emredardokuma.com\/tr\/wp-json\/wp\/v2\/product?product_cat=146"}],"curies":[{"name":"wp","href":"https:\/\/api.w.org\/{rel}","templated":true}]}}