{"id":132,"count":1,"description":"<h1>Renkli Yass\u0131 Kordon<\/h1>\r\n<strong>Renkli Yass\u0131 Kordon \u00dcr\u00fcnleri<\/strong> <strong>Kordon Dar Dokumada <\/strong>en \u00e7ok tercih edilen modellerdendir. Tek ba\u015f\u0131na kullan\u0131\u015fl\u0131 olmayan bu \u00fcr\u00fcnler tekstil sekt\u00f6r\u00fcnde tamamlay\u0131c\u0131 unsur olarak olduk\u00e7a s\u0131k kullan\u0131lmaktad\u0131r. Giysilerin yakalar\u0131nda, bellerinde, pa\u00e7alar\u0131nda kullan\u0131ld\u0131\u011f\u0131 gibi hobi malzemesi olarak da kullan\u0131lmaktad\u0131r. En yayg\u0131n kordon modelleri \u015funlard\u0131r;\r\n<ul>\r\n \t<li><strong>Fantezi kordon modelleri: <\/strong><\/li>\r\n<\/ul>\r\nFantazi kordonlar olduk\u00e7a \u00e7e\u015fitlidir. \u0130\u00e7erisinde birden fazla renk bar\u0131nd\u0131rabilece\u011fi gibi tek renk de olmaktad\u0131r. Yass\u0131 ve yuvarlak diledi\u011finiz tarzda fantezi kordon modeli bulunmaktad\u0131r.\r\n<ul>\r\n \t<li><strong>\u0130\u011fneli kordon modelleri<\/strong><strong>:<\/strong><\/li>\r\n<\/ul>\r\nE\u015fofman ipi olarak en s\u0131k kullan\u0131lan kordon modelidir. Di\u011fer kordonlar\u0131n aksine kal\u0131nd\u0131r.\r\n<ul>\r\n \t<li><strong>Polyester kordon modelleri:<\/strong><\/li>\r\n<\/ul>\r\n\u00dcretiminde kullan\u0131lan malzemesinden ad\u0131n\u0131 alan polyester kordonlar olduk\u00e7a yumu\u015fak ve kap\u00fc\u015fonlu k\u0131yafetler i\u00e7in olduk\u00e7a uygundur.\r\n<ul>\r\n \t<li><strong>Sa\u00e7 \u00f6rg\u00fc kordon modelleri:<\/strong><\/li>\r\n<\/ul>\r\nSa\u00e7 \u00f6rg\u00fc kordon modelleri ismini \u00f6rg\u00fc \u015feklindeki yap\u0131s\u0131ndan al\u0131r. Silindirik ve kal\u0131n olan bu kordon modelleri hobi malzemesi olarak en \u00e7ok tercih edilen \u00fcr\u00fcnlerdir. \u00d6zellikle hur\u00e7 yap\u0131m\u0131ndan vazo giydirmeye eski \u00fcr\u00fcnleri yenilemeye kadar kullan\u0131lmaktad\u0131r.\r\n<ul>\r\n \t<li><strong>Yass\u0131 pamuk kordon modelleri:<\/strong><\/li>\r\n<\/ul>\r\nBu model genellikle en olarak uzundur ve y\u00fcksekli\u011fi olduk\u00e7a azd\u0131r. \u00dczerine bast\u0131r\u0131lm\u0131\u015ft\u0131r. Pamuklu yap\u0131s\u0131yla olduk\u00e7a sa\u011fl\u0131kl\u0131d\u0131r.\r\n<ul>\r\n \t<li><strong>Renkli kordon modelleri:<\/strong><\/li>\r\n<\/ul>\r\nYass\u0131 kordon modellerinin renkli halleridir.\r\n<ul>\r\n \t<li><strong>Yuvarlak pamuk kordon modelleri:<\/strong><\/li>\r\n<\/ul>\r\nSilindirik yap\u0131ya sahip olan yuvarlak pamuk kordon modelleri hoodie \u00fcr\u00fcnlerinde olduk\u00e7a s\u0131k kullan\u0131lmaktad\u0131r. S\u00fcs e\u015fyalar\u0131nda ve yenileme yaparken de yuvarlak pamuk kordon modellerinde se\u00e7im yapabilirsiniz.\r\n<ul>\r\n \t<li><strong>Zincir kordon modelleri<\/strong><strong>:<\/strong><\/li>\r\n<\/ul>\r\nGenellikle bileklik ve tak\u0131 yap\u0131m\u0131nda kullan\u0131lan bu model ensiz ve ince bir yap\u0131ya sahiptir.","link":"https:\/\/emredardokuma.com\/tr\/urun-kategori\/kordon-dar-dokuma\/renkli-yassi-kordon\/","name":"Renkli Yass\u0131 Kordon","slug":"renkli-yassi-kordon","taxonomy":"product_cat","parent":129,"meta":{"order":["12"],"product_count_product_cat":["1"],"display_type":[""],"thumbnail_id":["0"],"_et_second_description":["<h2><strong>Renkli<\/strong> <strong>Yass\u0131 Kordon<\/strong> <strong>Modeller<\/strong><\/h2>\r\nYukar\u0131da bahsetti\u011fimiz kordon modelleri aras\u0131ndan en \u00e7ok dikkat \u00e7eken model<strong> Renkli<\/strong> <strong>Yass\u0131 Kordon <\/strong>modellerdir. Enli ve \u00fcstten bast\u0131r\u0131lm\u0131\u015f \u015fekilde olan bu model bir\u00e7ok alanda olduk\u00e7a sevilerek kullan\u0131lmaktad\u0131r. Beyazdan s\u0131k\u0131lanlar i\u00e7in olduk\u00e7a idealdir. \u00dcr\u00fcnlerinize en uygun rengi bulmak i\u00e7in <strong>Renkli<\/strong> <strong>Yass\u0131 Kordon Modellerden<\/strong> se\u00e7im yapabilirsiniz.\u00a0 Hobi malzemeleri olarak da bu model kordonlar\u0131 tercih edebilirsiniz.\r\n\r\nOlduk\u00e7a kullan\u0131\u015fl\u0131 olan bu modeller ile \u00fcr\u00fcnlerinize giysiler, tak\u0131 e\u015fyalar\u0131, giysilerinize detaylar yapabilirsiniz. B\u00fcy\u00fck i\u015fletmelerden k\u00fc\u00e7\u00fck i\u015fletmelere kadar kullan\u0131lan dar dokuma \u00fcr\u00fcnleri son zamanlarda bireysel kullan\u0131mlarda da artarak ilerlemi\u015ftir. Pandeminin hayatlar\u0131m\u0131za girmesiyle geli\u015fen ve yenilenen hobi d\u00fcnyas\u0131 yeni \u00fcr\u00fcnleri parlatarak g\u00f6zler \u00f6n\u00fcne \u00e7\u0131karm\u0131\u015ft\u0131r. Kordon gibi <strong>\u201c<\/strong><strong>dar dokuma \u00fcr\u00fcnleri\u201d<\/strong> de bunlardan birka\u00e7\u0131d\u0131r.\r\n<h3><strong>Renkli<\/strong> <strong>Yass\u0131 Kordon \u00dcr\u00fcnler<\/strong><\/h3>\r\nKordonlar tekstil sekt\u00f6r\u00fcn\u00fcn tamamlay\u0131c\u0131 par\u00e7alar\u0131 oldu\u011fu gibi di\u011fer sekt\u00f6rlerde de kimi zaman kullan\u0131lmaktad\u0131r. \u00d6zellikle sosyal medyan\u0131n da hayatlar\u0131m\u0131za girmesiyle pek \u00e7ok bireysel kullan\u0131c\u0131 kordonlar\u0131 bir ge\u00e7im kayna\u011f\u0131 haline getirmi\u015f ve k\u00fc\u00e7\u00fck i\u015fletmeler kurmu\u015flard\u0131r.\r\n<h3><strong>Renkli<\/strong> <strong>Yass\u0131 Kordon \u00dcr\u00fcnlerin Kullan\u0131m Alanlar\u0131 Nelerdir?<\/strong><\/h3>\r\nB\u00fcy\u00fck <strong>tekstil firmalar\u0131 <\/strong>yass\u0131 renkli kordonlar\u0131n en b\u00fcy\u00fck al\u0131c\u0131lar\u0131d\u0131r. Giysi \u00fczerine eklenerek kullan\u0131lmaktad\u0131r. Tek ba\u015f\u0131na kullan\u0131m alan\u0131 olduk\u00e7a k\u0131s\u0131tl\u0131d\u0131r. Giysilerin;\r\n<ul>\r\n \t<li>\u015eapka,<\/li>\r\n \t<li>Yaka,<\/li>\r\n \t<li>Omuz,<\/li>\r\n \t<li>Bilek,<\/li>\r\n \t<li>Bel k\u0131s\u0131mlar\u0131nda kullan\u0131lmaktad\u0131r.<\/li>\r\n<\/ul>\r\n<strong>Renkli Yass\u0131 Kordon<\/strong> \u00e7e\u015fitlerinin bir di\u011fer kullan\u0131m alan\u0131 ayakkab\u0131lard\u0131r. Ayakkab\u0131 ba\u011fc\u0131\u011f\u0131 olarak kullan\u0131lmaktad\u0131r. Yuvarlak modeller daha \u00e7ok tercih edilmesine ra\u011fmen son y\u0131llarda yass\u0131 modeller de tarz yaratmak i\u00e7in kullan\u0131lmaktad\u0131r. \u00d6zellikle d\u00fcz beyaz renk \u00fczerine birden \u00e7ok rengi olan kordonlar tak\u0131lmaktad\u0131r.\r\n\r\nEv dekorasyonunda kullan\u0131lan renkli kordonlar evin bir\u00e7ok alan\u0131nda tercih edilmektedir.\u00a0 En \u00e7ok tercih edilen dekorasyon \u00fcr\u00fcnleri ise genellikle \u00fcr\u00fcnleri giydirme ve duvar s\u00fcsleridir.\r\n\r\n&nbsp;\r\n<h2><strong>Renkli<\/strong> <strong>Yass\u0131 Kordon Fiyatlar\u0131<\/strong><\/h2>\r\n<strong>Renkli Yass\u0131 Kordon<\/strong> <strong>fiyatlar\u0131 <\/strong>\u00fcr\u00fcn\u00fcn modeline, boyutuna, kullan\u0131lan malzemeye, kal\u0131nl\u0131\u011f\u0131na ve inceli\u011fine g\u00f6re belirlenmektedir. E\u011fer renkli yass\u0131 kordon almak istiyorsan\u0131z dikkat etmeniz gerekenler \u015funlard\u0131r;\r\n<ul>\r\n \t<li><strong>Do\u011fru \u00dcr\u00fcn: <\/strong><\/li>\r\n<\/ul>\r\nKordon almaya karar verdi\u011finizde bir\u00e7ok \u00fcr\u00fcn, model ve renk oldu\u011funu g\u00f6receksiniz. Bu sebeple kafan\u0131z kar\u0131\u015fabilir. \u00d6ncelikle ihtiyac\u0131n\u0131z olan \u00fcr\u00fcn\u00fcn ne oldu\u011funu belirlemelisiniz. Giysiniz de mi kullanacaks\u0131n\u0131z, giydirme mi yapacaks\u0131n\u0131z yoksa duvar s\u00fcs\u00fc m\u00fc? B\u00f6ylelikle ihtiyac\u0131n\u0131z\u0131 kar\u015f\u0131lamayacak \u00fcr\u00fcn kalabal\u0131\u011f\u0131ndan kurtulmu\u015f olursunuz.\r\n<ul>\r\n \t<li><strong>Do\u011fru \u00d6l\u00e7\u00fc:<\/strong><\/li>\r\n<\/ul>\r\n\u00d6l\u00e7\u00fc kordonlar i\u00e7in olduk\u00e7a \u00f6nemlidir. Ekleme yapaca\u011f\u0131n\u0131z b\u00f6lgeniz geni\u015fli\u011fine uygun olan\u0131 se\u00e7meye \u00f6zen g\u00f6sterin. \u00d6zellikle yass\u0131 kordon modellerinde dar bir alana yerle\u015ftirme, ekleme yap\u0131l\u0131rsa katlanaca\u011f\u0131 ve k\u0131vr\u0131laca\u011f\u0131 i\u00e7in istenilen performans\u0131 vermeyecektir.\r\n<ul>\r\n \t<li><strong>Do\u011fru Renk:<\/strong><\/li>\r\n<\/ul>\r\nYass\u0131 renkli kordonlar sizlere pek \u00e7ok \u00fcr\u00fcn f\u0131rsat\u0131 sunacakt\u0131r. Bu \u00fcr\u00fcnler aras\u0131nda diledi\u011finiz rengi se\u00e7ebilirsiniz.\u00a0 \u0130sterseniz giysilerinize ekleyerek kullanabilir isterseniz ba\u015ftan \u00fcr\u00fcnler tasarlayabilirsiniz.\r\n<ul>\r\n \t<li><strong>Do\u011fru Kalite:<\/strong><\/li>\r\n<\/ul>\r\nKalite her \u00fcr\u00fcnde oldu\u011fu gibi kordonlarda da olduk\u00e7a \u00f6nemlidir.\u00a0 Uzun y\u0131llar \u00fcr\u00fcnlerinizi g\u00fcvenle kullanmak i\u00e7in mutlaka kaliteli bir kordon tercihi yapt\u0131\u011f\u0131n\u0131zdan emin olmal\u0131s\u0131n\u0131z. B\u00f6ylelikle renk atmas\u0131, renk solmas\u0131, s\u00f6k\u00fclme, y\u0131rt\u0131lma gibi istenmeyen durumlarla kar\u015f\u0131la\u015fmazs\u0131n\u0131z.\r\n<ul>\r\n \t<li><strong>Do\u011fru Firma: <\/strong><\/li>\r\n<\/ul>\r\nAlaca\u011f\u0131n\u0131z kordonlar\u0131n do\u011fru, g\u00fcvenilir bir firmadan al\u0131nmas\u0131na dikkat etmelisiniz. Sorun ya\u015faman\u0131z, olas\u0131 bir sorun olu\u015ftu\u011funda ise h\u0131zl\u0131ca giderilmesi i\u00e7in olduk\u00e7a \u00f6nemlidir.\u00a0 Emre Dar Dokuma size her a\u015famada g\u00fcven verecek ve kalite \u00fcr\u00fcnleri ile hayal etti\u011finiz \u00fcr\u00fcnlere kavu\u015fman\u0131z\u0131 sa\u011flayacakt\u0131r.\r\n<h3><strong>Dar Dokuma <\/strong><strong>Renkli Yass\u0131 Kordon \u00dcr\u00fcnler<\/strong><\/h3>\r\nDar dokuma \u00fcr\u00fcnlerinin sevilen modeli olan yass\u0131 kordonlar\u0131 diledi\u011finiz renkte ve modelde <strong>Emre Dar Dokuma\u2019da <\/strong>bulabilirsiniz. Renk renk y\u00fczlerce model aras\u0131ndan diledi\u011finizi se\u00e7ebilir ve uzun y\u0131llar kullanabilirsiniz.\u00a0 Siz ve sevdikleriniz i\u00e7in kaliteli \u00fcr\u00fcnler, uygun fiyat garantisi Emre Dar Dokuma\u2019da..."]},"menu_order":12,"yoast_head":"<!-- This site is optimized with the Yoast SEO plugin v27.5 - https:\/\/yoast.com\/product\/yoast-seo-wordpress\/ -->\n<title>Renkli Yass\u0131 Kordon | Emre Dar Dokuma<\/title>\n<meta name=\"description\" content=\"Renkli Yass\u0131 Kordon Modelleri, Renkli Yass\u0131 Kordon \u00dcr\u00fcnleri, Yass\u0131 Kordon \u00dcr\u00fcnlerin Kullan\u0131m Alanlar\u0131 Nelerdir, Yass\u0131 Kordon Fiyatlar\u0131, Emre Dar Dokuma.\" \/>\n<meta name=\"robots\" content=\"index, follow, max-snippet:-1, max-image-preview:large, max-video-preview:-1\" \/>\n<link rel=\"canonical\" href=\"https:\/\/emredardokuma.com\/tr\/urun-kategori\/kordon-dar-dokuma\/renkli-yassi-kordon\/\" \/>\n<meta property=\"og:locale\" content=\"tr_TR\" \/>\n<meta property=\"og:type\" content=\"article\" \/>\n<meta property=\"og:title\" content=\"Renkli Yass\u0131 Kordon | Emre Dar Dokuma\" \/>\n<meta property=\"og:description\" content=\"Renkli Yass\u0131 Kordon Modelleri, Renkli Yass\u0131 Kordon \u00dcr\u00fcnleri, Yass\u0131 Kordon \u00dcr\u00fcnlerin Kullan\u0131m Alanlar\u0131 Nelerdir, Yass\u0131 Kordon Fiyatlar\u0131, Emre Dar Dokuma.\" \/>\n<meta property=\"og:url\" content=\"https:\/\/emredardokuma.com\/tr\/urun-kategori\/kordon-dar-dokuma\/renkli-yassi-kordon\/\" \/>\n<meta property=\"og:site_name\" content=\"Emre Narrow Woven\" \/>\n<meta name=\"twitter:card\" content=\"summary_large_image\" \/>\n<script type=\"application\/ld+json\" class=\"yoast-schema-graph\">{\"@context\":\"https:\\\/\\\/schema.org\",\"@graph\":[{\"@type\":\"CollectionPage\",\"@id\":\"https:\\\/\\\/emredardokuma.com\\\/tr\\\/urun-kategori\\\/kordon-dar-dokuma\\\/renkli-yassi-kordon\\\/\",\"url\":\"https:\\\/\\\/emredardokuma.com\\\/tr\\\/urun-kategori\\\/kordon-dar-dokuma\\\/renkli-yassi-kordon\\\/\",\"name\":\"Renkli Yass\u0131 Kordon | Emre Dar Dokuma\",\"isPartOf\":{\"@id\":\"https:\\\/\\\/emredardokuma.com\\\/#website\"},\"description\":\"Renkli Yass\u0131 Kordon Modelleri, Renkli Yass\u0131 Kordon \u00dcr\u00fcnleri, Yass\u0131 Kordon \u00dcr\u00fcnlerin Kullan\u0131m Alanlar\u0131 Nelerdir, Yass\u0131 Kordon Fiyatlar\u0131, Emre Dar Dokuma.\",\"breadcrumb\":{\"@id\":\"https:\\\/\\\/emredardokuma.com\\\/tr\\\/urun-kategori\\\/kordon-dar-dokuma\\\/renkli-yassi-kordon\\\/#breadcrumb\"},\"inLanguage\":\"tr\"},{\"@type\":\"BreadcrumbList\",\"@id\":\"https:\\\/\\\/emredardokuma.com\\\/tr\\\/urun-kategori\\\/kordon-dar-dokuma\\\/renkli-yassi-kordon\\\/#breadcrumb\",\"itemListElement\":[{\"@type\":\"ListItem\",\"position\":1,\"name\":\"Home\",\"item\":\"https:\\\/\\\/emredardokuma.com\\\/\"},{\"@type\":\"ListItem\",\"position\":2,\"name\":\"Kordon Dar Dokuma\",\"item\":\"https:\\\/\\\/emredardokuma.com\\\/tr\\\/urun-kategori\\\/kordon-dar-dokuma\\\/\"},{\"@type\":\"ListItem\",\"position\":3,\"name\":\"Renkli Yass\u0131 Kordon\"}]},{\"@type\":\"WebSite\",\"@id\":\"https:\\\/\\\/emredardokuma.com\\\/#website\",\"url\":\"https:\\\/\\\/emredardokuma.com\\\/\",\"name\":\"Emre Narrow Woven\",\"description\":\"Narrow Woven Products\",\"publisher\":{\"@id\":\"https:\\\/\\\/emredardokuma.com\\\/#organization\"},\"potentialAction\":[{\"@type\":\"SearchAction\",\"target\":{\"@type\":\"EntryPoint\",\"urlTemplate\":\"https:\\\/\\\/emredardokuma.com\\\/?s={search_term_string}\"},\"query-input\":{\"@type\":\"PropertyValueSpecification\",\"valueRequired\":true,\"valueName\":\"search_term_string\"}}],\"inLanguage\":\"tr\"},{\"@type\":\"Organization\",\"@id\":\"https:\\\/\\\/emredardokuma.com\\\/#organization\",\"name\":\"Emre Narrow Woven\",\"url\":\"https:\\\/\\\/emredardokuma.com\\\/\",\"logo\":{\"@type\":\"ImageObject\",\"inLanguage\":\"tr\",\"@id\":\"https:\\\/\\\/emredardokuma.com\\\/#\\\/schema\\\/logo\\\/image\\\/\",\"url\":\"https:\\\/\\\/emredardokuma.com\\\/wp-content\\\/uploads\\\/2022\\\/09\\\/emre-dar-dokuma.png\",\"contentUrl\":\"https:\\\/\\\/emredardokuma.com\\\/wp-content\\\/uploads\\\/2022\\\/09\\\/emre-dar-dokuma.png\",\"width\":400,\"height\":98,\"caption\":\"Emre Narrow Woven\"},\"image\":{\"@id\":\"https:\\\/\\\/emredardokuma.com\\\/#\\\/schema\\\/logo\\\/image\\\/\"}}]}<\/script>\n<!-- \/ Yoast SEO plugin. -->","yoast_head_json":{"title":"Renkli Yass\u0131 Kordon | Emre Dar Dokuma","description":"Renkli Yass\u0131 Kordon Modelleri, Renkli Yass\u0131 Kordon \u00dcr\u00fcnleri, Yass\u0131 Kordon \u00dcr\u00fcnlerin Kullan\u0131m Alanlar\u0131 Nelerdir, Yass\u0131 Kordon Fiyatlar\u0131, Emre Dar Dokuma.","robots":{"index":"index","follow":"follow","max-snippet":"max-snippet:-1","max-image-preview":"max-image-preview:large","max-video-preview":"max-video-preview:-1"},"canonical":"https:\/\/emredardokuma.com\/tr\/urun-kategori\/kordon-dar-dokuma\/renkli-yassi-kordon\/","og_locale":"tr_TR","og_type":"article","og_title":"Renkli Yass\u0131 Kordon | Emre Dar Dokuma","og_description":"Renkli Yass\u0131 Kordon Modelleri, Renkli Yass\u0131 Kordon \u00dcr\u00fcnleri, Yass\u0131 Kordon \u00dcr\u00fcnlerin Kullan\u0131m Alanlar\u0131 Nelerdir, Yass\u0131 Kordon Fiyatlar\u0131, Emre Dar Dokuma.","og_url":"https:\/\/emredardokuma.com\/tr\/urun-kategori\/kordon-dar-dokuma\/renkli-yassi-kordon\/","og_site_name":"Emre Narrow Woven","twitter_card":"summary_large_image","schema":{"@context":"https:\/\/schema.org","@graph":[{"@type":"CollectionPage","@id":"https:\/\/emredardokuma.com\/tr\/urun-kategori\/kordon-dar-dokuma\/renkli-yassi-kordon\/","url":"https:\/\/emredardokuma.com\/tr\/urun-kategori\/kordon-dar-dokuma\/renkli-yassi-kordon\/","name":"Renkli Yass\u0131 Kordon | Emre Dar Dokuma","isPartOf":{"@id":"https:\/\/emredardokuma.com\/#website"},"description":"Renkli Yass\u0131 Kordon Modelleri, Renkli Yass\u0131 Kordon \u00dcr\u00fcnleri, Yass\u0131 Kordon \u00dcr\u00fcnlerin Kullan\u0131m Alanlar\u0131 Nelerdir, Yass\u0131 Kordon Fiyatlar\u0131, Emre Dar Dokuma.","breadcrumb":{"@id":"https:\/\/emredardokuma.com\/tr\/urun-kategori\/kordon-dar-dokuma\/renkli-yassi-kordon\/#breadcrumb"},"inLanguage":"tr"},{"@type":"BreadcrumbList","@id":"https:\/\/emredardokuma.com\/tr\/urun-kategori\/kordon-dar-dokuma\/renkli-yassi-kordon\/#breadcrumb","itemListElement":[{"@type":"ListItem","position":1,"name":"Home","item":"https:\/\/emredardokuma.com\/"},{"@type":"ListItem","position":2,"name":"Kordon Dar Dokuma","item":"https:\/\/emredardokuma.com\/tr\/urun-kategori\/kordon-dar-dokuma\/"},{"@type":"ListItem","position":3,"name":"Renkli Yass\u0131 Kordon"}]},{"@type":"WebSite","@id":"https:\/\/emredardokuma.com\/#website","url":"https:\/\/emredardokuma.com\/","name":"Emre Narrow Woven","description":"Narrow Woven Products","publisher":{"@id":"https:\/\/emredardokuma.com\/#organization"},"potentialAction":[{"@type":"SearchAction","target":{"@type":"EntryPoint","urlTemplate":"https:\/\/emredardokuma.com\/?s={search_term_string}"},"query-input":{"@type":"PropertyValueSpecification","valueRequired":true,"valueName":"search_term_string"}}],"inLanguage":"tr"},{"@type":"Organization","@id":"https:\/\/emredardokuma.com\/#organization","name":"Emre Narrow Woven","url":"https:\/\/emredardokuma.com\/","logo":{"@type":"ImageObject","inLanguage":"tr","@id":"https:\/\/emredardokuma.com\/#\/schema\/logo\/image\/","url":"https:\/\/emredardokuma.com\/wp-content\/uploads\/2022\/09\/emre-dar-dokuma.png","contentUrl":"https:\/\/emredardokuma.com\/wp-content\/uploads\/2022\/09\/emre-dar-dokuma.png","width":400,"height":98,"caption":"Emre Narrow Woven"},"image":{"@id":"https:\/\/emredardokuma.com\/#\/schema\/logo\/image\/"}}]}},"_links":{"self":[{"href":"https:\/\/emredardokuma.com\/tr\/wp-json\/wp\/v2\/product_cat\/132","targetHints":{"allow":["GET"]}}],"collection":[{"href":"https:\/\/emredardokuma.com\/tr\/wp-json\/wp\/v2\/product_cat"}],"about":[{"href":"https:\/\/emredardokuma.com\/tr\/wp-json\/wp\/v2\/taxonomies\/product_cat"}],"up":[{"embeddable":true,"href":"https:\/\/emredardokuma.com\/tr\/wp-json\/wp\/v2\/product_cat\/129"}],"wp:post_type":[{"href":"https:\/\/emredardokuma.com\/tr\/wp-json\/wp\/v2\/product?product_cat=132"}],"curies":[{"name":"wp","href":"https:\/\/api.w.org\/{rel}","templated":true}]}}