{"id":130,"count":1,"description":"<h1><strong>Sa\u00e7 \u00d6rg\u00fcl\u00fc Kordon Dokumalar <\/strong><\/h1>\r\nFarkl\u0131 \u00f6rg\u00fc \u00e7e\u015fitleri ile \u00f6zellikle spor giyim ba\u015fta olmak \u00fczere olduk\u00e7a geni\u015f bir alanda kullan\u0131lan <strong>Sa\u00e7 \u00d6rg\u00fc Kordon<\/strong>; polyester, pamuk gibi iplik \u00e7e\u015fitlerinden \u00fcretilmektedir. Spor giyim tekstil sekt\u00f6r\u00fcnde sweatshirt, \u015fort, ayakkab\u0131 gibi pek \u00e7ok \u00fcr\u00fcnde ba\u011fc\u0131k olarak kullan\u0131lmaktad\u0131r. <strong>Sa\u00e7 \u00d6rg\u00fc Kordon <\/strong> modellerinin kullan\u0131ld\u0131\u011f\u0131 alana ba\u011fl\u0131 olarak farkl\u0131 renk, kal\u0131nl\u0131k ve uzunlu\u011fa sahiptir. Ayakkab\u0131 ba\u011fc\u0131klar\u0131nda daha ince bir yap\u0131da kullan\u0131l\u0131rken giyim sekt\u00f6r\u00fcnde daha kal\u0131n formlar\u0131 da mevcuttur.\r\n\r\nEvinize, ofisinize renk katacak, dekorasyonunuzu tamamlayacak aksesuarlar yapmak i\u00e7in kullanabilece\u011finiz renkli <strong>Sa\u00e7 \u00d6rg\u00fc Kordon <\/strong> mevcuttur. Pembe, sar\u0131, mavi, kahverengi, krem, beyaz gibi pek \u00e7ok farkl\u0131 rengi bulunan <strong>Sa\u00e7 \u00d6rg\u00fc Kordon \u00dcr\u00fcnleri <\/strong>diledi\u011finiz alanda kullanabilirsiniz. Yemek masalar\u0131na renk katacak sepetler, suplalar yapmak i\u00e7in de \u00e7ok s\u0131k tercih edilen bir tekstil malzemesidir.\r\n<h2><strong>Sa\u00e7 \u00d6rg\u00fc Kordon \u00dcr\u00fcnleri <\/strong><\/h2>\r\nPek \u00e7ok farkl\u0131 alanda kullan\u0131ma sahip olan<strong> Sa\u00e7 \u00d6rg\u00fc Kordon \u00dcr\u00fcnler <\/strong>spor giyim, \u00e7anta, ayakkab\u0131 gibi \u00fcr\u00fcnlerde s\u0131k\u00e7a kullan\u0131l\u0131r. Bu \u00fcr\u00fcnlerin yan\u0131 s\u0131ra hediyelik e\u015fya, s\u00fcsleme ya da ev aksesuarlar\u0131nda da kullan\u0131m\u0131 mevcuttur. Renkli ipler, simli ipler ya da krem, beyaz, gri gibi n\u00f6tr renklerden olu\u015fan iplerle ev dekorasyonuna katk\u0131 sa\u011flayabilirsiniz.\r\n\r\n\u00d6zellikle geri d\u00f6n\u00fc\u015f\u00fcm \u00fcr\u00fcnlerinde s\u00fcsleme ama\u00e7l\u0131 kullan\u0131m i\u00e7in olduk\u00e7a uygundur. Vazolar\u0131 sarmak, kutular\u0131n etraf\u0131n\u0131 kapatmak, renkli suplalar ya da sepetler yapmak i\u00e7in rahatl\u0131kla kullan\u0131labilir. Farkl\u0131 kal\u0131nl\u0131k \u00f6l\u00e7\u00fclerine sahip olan<strong> Sa\u00e7 \u00d6rg\u00fc Kordon \u00dcr\u00fcnlerini<\/strong> se\u00e7erken dikkat etmeniz gereken en \u00f6nemli nokta nerede kullan\u0131laca\u011f\u0131d\u0131r. Ayakkab\u0131, giyim, \u00e7anta sekt\u00f6r\u00fcnde daha ince kal\u0131nl\u0131\u011fa sahip olan ipler tercih edilirken dekorasyon ama\u00e7l\u0131 kullan\u0131mlarda daha kal\u0131n kordonlar tercih edilebilir. <strong>Sa\u00e7 \u00d6rg\u00fc Kordon<\/strong> iplerini kullanarak haz\u0131rlanan dekorasyon \u00fcr\u00fcnlerini evinizde, ofisinizde ya da bah\u00e7enizde kullanabilir hatta sevdiklerinize arma\u011fan edebilirsiniz.","link":"https:\/\/emredardokuma.com\/tr\/urun-kategori\/kordon-dar-dokuma\/sac-orgulu-kordon\/","name":"Sa\u00e7 \u00d6rg\u00fcl\u00fc Kordon Dokumalar","slug":"sac-orgulu-kordon","taxonomy":"product_cat","parent":129,"meta":{"order":["13"],"product_count_product_cat":["1"],"display_type":[""],"thumbnail_id":["0"],"_et_second_description":["<h2><strong>Sa\u00e7 \u00d6rg\u00fc Kordon Fiyatlar\u0131<\/strong><\/h2>\r\n<strong>Sa\u00e7 \u00d6rg\u00fc Kordon Fiyat\u0131n\u0131<\/strong> belirleyen pek \u00e7ok farkl\u0131 unsur vard\u0131r. Bu unsurlardan baz\u0131lar\u0131 \u015fu \u015fekildedir;\r\n<ul>\r\n \t<li><strong>Sa\u00e7 \u00d6rg\u00fc Kordon <\/strong>iplerinin kal\u0131nl\u0131\u011f\u0131,<\/li>\r\n \t<li>Yap\u0131l\u0131\u015f\u0131nda kullan\u0131lan ip,<\/li>\r\n \t<li>\u0130pin rengi<\/li>\r\n \t<li><strong>Sa\u00e7 \u00d6rg\u00fc Kordon <\/strong>ipinde kullan\u0131lan <strong>desen<\/strong><\/li>\r\n \t<li>Sipari\u015f metraj\u0131<\/li>\r\n<\/ul>\r\n<strong>Sa\u00e7 \u00d6rg\u00fc Kordon <\/strong>modellerinde d\u00fcz renk olan ip modelleri daha uygun fiyatland\u0131rmaya sahiptir. Fakat, birka\u00e7 farkl\u0131 renge sahip, desenli ve daha fazla kal\u0131nl\u0131\u011fa sahip olan modeller farkl\u0131 fiyatland\u0131rma se\u00e7eneklerine sahiptir. Pamuklu, kesik elyaf, polyester gibi farkl\u0131 ip \u00e7e\u015fitleriyle haz\u0131rlanan <strong>Sa\u00e7 \u00d6rg\u00fc Kordon<\/strong> \u00fcr\u00fcnleri aras\u0131ndan diledi\u011finizi se\u00e7ebilirsiniz. Dayan\u0131kl\u0131 yap\u0131s\u0131, <strong>geni\u015f kullan\u0131m alan\u0131<\/strong>, uzun s\u00fcre kullan\u0131m \u00f6mr\u00fc gibi \u00f6zellikleriyle g\u00f6n\u00fcl rahatl\u0131\u011f\u0131nda her alanda kullanabilirsiniz. \u0130htiyac\u0131n\u0131z olan kal\u0131nl\u0131k ve uzunlu\u011fa g\u00f6re fiyat farkl\u0131l\u0131\u011f\u0131 olabilir. Ev aksesuarlar\u0131n\u0131 restore ederken, yeni s\u00fcs e\u015fyalar\u0131 olu\u015ftururken ya da geri d\u00f6n\u00fc\u015f\u00fcm projeleri haz\u0131rlarken <strong>Sa\u00e7 \u00d6rg\u00fc Kordon <\/strong>\u00fcr\u00fcnlerini kullanabilirsiniz. Olduk\u00e7a geni\u015f \u00fcr\u00fcn \u00e7e\u015fitlili\u011fine sahip olan <strong>Sa\u00e7 \u00d6rg\u00fc Kordon <\/strong>kategorisini inceleyerek diledi\u011finiz \u00e7e\u015fitte \u00fcr\u00fcn\u00fc inceleyebilir ve g\u00fcvenle sat\u0131n alabilirsiniz.\r\n<h3><strong>Dar Dokuma Sa\u00e7 \u00d6rg\u00fc Kordon \u00dcr\u00fcnler<\/strong><\/h3>\r\nGiyim sekt\u00f6r\u00fcnde kullan\u0131lan <strong>Dar Dokuma Sa\u00e7 \u00d6rg\u00fc \u00dcr\u00fcnleri;<\/strong> bel, yaka, kol a\u011fz\u0131, pa\u00e7a gibi b\u00f6lgelerde s\u0131k\u00e7a kullan\u0131l\u0131r. Daraltma, b\u00fczme, toplama gibi pek \u00e7ok i\u015flevi bulunan dar dokuma kordonlar\u0131 giysilerde s\u00fcsleme amac\u0131yla da kullanabilirsiniz. Ev tekstil \u00fcr\u00fcnlerinde de s\u0131k\u00e7a kullan\u0131lan dar dokuma <strong>Sa\u00e7 \u00d6rg\u00fc Kordon <\/strong>\u00fcr\u00fcnlerinin tekstil sekt\u00f6r\u00fcnde yayg\u0131n olarak kullan\u0131ld\u0131\u011f\u0131 alanlar \u015fu \u015fekildedir:\r\n<ul>\r\n \t<li>E\u015fofman ve <strong>\u015fort lastikleri<\/strong><\/li>\r\n \t<li>Mont ya da eteklerin bel lastikleri<\/li>\r\n \t<li>Mobilyalardaki kuma\u015flar\u0131n s\u00fcs ve alt bantlar\u0131<\/li>\r\n \t<li>Masa \u00f6rt\u00fcs\u00fc sa\u00e7aklar\u0131<\/li>\r\n \t<li>T\u00fcl ya da fon perdelerin b\u00fczg\u00fclerinde ya da duvar monte kullan\u0131m\u0131<\/li>\r\n \t<li>Sa\u00e7 toka aksesuarlar\u0131<\/li>\r\n<\/ul>\r\nTekstil kullan\u0131m\u0131n\u0131n yan\u0131 s\u0131ra ayakkab\u0131, \u00e7anta, savunma sanayi ve ambalaj sekt\u00f6r\u00fcnde de yayg\u0131n olarak kullan\u0131l\u0131r. Ayakkab\u0131 ba\u011fc\u0131klar\u0131, halat ipler, \u00e7anta kordonlar\u0131 ve \u015fi\u015fe koymaya yarayan yan b\u00f6lmeler, hediyelik e\u015fya s\u00fcslemeleri, para\u015f\u00fct ipleri, d\u00fcrb\u00fcn kay\u0131\u015flar\u0131 gibi pek \u00e7ok alanda kullan\u0131m\u0131 mevcuttur.\r\n\r\n&nbsp;\r\n\r\n&nbsp;\r\n\r\n&nbsp;"]},"menu_order":13,"yoast_head":"<!-- This site is optimized with the Yoast SEO plugin v27.5 - https:\/\/yoast.com\/product\/yoast-seo-wordpress\/ -->\n<title>Sa\u00e7 \u00d6rg\u00fcl\u00fc Kordon Dokumalar | Emre Dar Dokuma<\/title>\n<meta name=\"description\" content=\"Sa\u00e7 \u00d6rg\u00fcl\u00fc Kordon Dokumalar, Sa\u00e7 \u00d6rg\u00fcl\u00fc Kordon Dokuma \u00dcr\u00fcnleri, Sa\u00e7 \u00d6rg\u00fcl\u00fc Kordon Dokuma Fiyatlar\u0131, Emre Dar Dokuma Sa\u00e7 \u00d6rg\u00fcl\u00fc Kordon \u00dcr\u00fcnleri.\" \/>\n<meta name=\"robots\" content=\"index, follow, max-snippet:-1, max-image-preview:large, max-video-preview:-1\" \/>\n<link rel=\"canonical\" href=\"https:\/\/emredardokuma.com\/tr\/urun-kategori\/kordon-dar-dokuma\/sac-orgulu-kordon\/\" \/>\n<meta property=\"og:locale\" content=\"tr_TR\" \/>\n<meta property=\"og:type\" content=\"article\" \/>\n<meta property=\"og:title\" content=\"Sa\u00e7 \u00d6rg\u00fcl\u00fc Kordon Dokumalar | Emre Dar Dokuma\" \/>\n<meta property=\"og:description\" content=\"Sa\u00e7 \u00d6rg\u00fcl\u00fc Kordon Dokumalar, Sa\u00e7 \u00d6rg\u00fcl\u00fc Kordon Dokuma \u00dcr\u00fcnleri, Sa\u00e7 \u00d6rg\u00fcl\u00fc Kordon Dokuma Fiyatlar\u0131, Emre Dar Dokuma Sa\u00e7 \u00d6rg\u00fcl\u00fc Kordon \u00dcr\u00fcnleri.\" \/>\n<meta property=\"og:url\" content=\"https:\/\/emredardokuma.com\/tr\/urun-kategori\/kordon-dar-dokuma\/sac-orgulu-kordon\/\" \/>\n<meta property=\"og:site_name\" content=\"Emre Narrow Woven\" \/>\n<meta name=\"twitter:card\" content=\"summary_large_image\" \/>\n<script type=\"application\/ld+json\" class=\"yoast-schema-graph\">{\"@context\":\"https:\\\/\\\/schema.org\",\"@graph\":[{\"@type\":\"CollectionPage\",\"@id\":\"https:\\\/\\\/emredardokuma.com\\\/tr\\\/urun-kategori\\\/kordon-dar-dokuma\\\/sac-orgulu-kordon\\\/\",\"url\":\"https:\\\/\\\/emredardokuma.com\\\/tr\\\/urun-kategori\\\/kordon-dar-dokuma\\\/sac-orgulu-kordon\\\/\",\"name\":\"Sa\u00e7 \u00d6rg\u00fcl\u00fc Kordon Dokumalar | Emre Dar Dokuma\",\"isPartOf\":{\"@id\":\"https:\\\/\\\/emredardokuma.com\\\/#website\"},\"description\":\"Sa\u00e7 \u00d6rg\u00fcl\u00fc Kordon Dokumalar, Sa\u00e7 \u00d6rg\u00fcl\u00fc Kordon Dokuma \u00dcr\u00fcnleri, Sa\u00e7 \u00d6rg\u00fcl\u00fc Kordon Dokuma Fiyatlar\u0131, Emre Dar Dokuma Sa\u00e7 \u00d6rg\u00fcl\u00fc Kordon \u00dcr\u00fcnleri.\",\"breadcrumb\":{\"@id\":\"https:\\\/\\\/emredardokuma.com\\\/tr\\\/urun-kategori\\\/kordon-dar-dokuma\\\/sac-orgulu-kordon\\\/#breadcrumb\"},\"inLanguage\":\"tr\"},{\"@type\":\"BreadcrumbList\",\"@id\":\"https:\\\/\\\/emredardokuma.com\\\/tr\\\/urun-kategori\\\/kordon-dar-dokuma\\\/sac-orgulu-kordon\\\/#breadcrumb\",\"itemListElement\":[{\"@type\":\"ListItem\",\"position\":1,\"name\":\"Home\",\"item\":\"https:\\\/\\\/emredardokuma.com\\\/\"},{\"@type\":\"ListItem\",\"position\":2,\"name\":\"Kordon Dar Dokuma\",\"item\":\"https:\\\/\\\/emredardokuma.com\\\/tr\\\/urun-kategori\\\/kordon-dar-dokuma\\\/\"},{\"@type\":\"ListItem\",\"position\":3,\"name\":\"Sa\u00e7 \u00d6rg\u00fcl\u00fc Kordon Dokumalar\"}]},{\"@type\":\"WebSite\",\"@id\":\"https:\\\/\\\/emredardokuma.com\\\/#website\",\"url\":\"https:\\\/\\\/emredardokuma.com\\\/\",\"name\":\"Emre Narrow Woven\",\"description\":\"Narrow Woven Products\",\"publisher\":{\"@id\":\"https:\\\/\\\/emredardokuma.com\\\/#organization\"},\"potentialAction\":[{\"@type\":\"SearchAction\",\"target\":{\"@type\":\"EntryPoint\",\"urlTemplate\":\"https:\\\/\\\/emredardokuma.com\\\/?s={search_term_string}\"},\"query-input\":{\"@type\":\"PropertyValueSpecification\",\"valueRequired\":true,\"valueName\":\"search_term_string\"}}],\"inLanguage\":\"tr\"},{\"@type\":\"Organization\",\"@id\":\"https:\\\/\\\/emredardokuma.com\\\/#organization\",\"name\":\"Emre Narrow Woven\",\"url\":\"https:\\\/\\\/emredardokuma.com\\\/\",\"logo\":{\"@type\":\"ImageObject\",\"inLanguage\":\"tr\",\"@id\":\"https:\\\/\\\/emredardokuma.com\\\/#\\\/schema\\\/logo\\\/image\\\/\",\"url\":\"https:\\\/\\\/emredardokuma.com\\\/wp-content\\\/uploads\\\/2022\\\/09\\\/emre-dar-dokuma.png\",\"contentUrl\":\"https:\\\/\\\/emredardokuma.com\\\/wp-content\\\/uploads\\\/2022\\\/09\\\/emre-dar-dokuma.png\",\"width\":400,\"height\":98,\"caption\":\"Emre Narrow Woven\"},\"image\":{\"@id\":\"https:\\\/\\\/emredardokuma.com\\\/#\\\/schema\\\/logo\\\/image\\\/\"}}]}<\/script>\n<!-- \/ Yoast SEO plugin. -->","yoast_head_json":{"title":"Sa\u00e7 \u00d6rg\u00fcl\u00fc Kordon Dokumalar | Emre Dar Dokuma","description":"Sa\u00e7 \u00d6rg\u00fcl\u00fc Kordon Dokumalar, Sa\u00e7 \u00d6rg\u00fcl\u00fc Kordon Dokuma \u00dcr\u00fcnleri, Sa\u00e7 \u00d6rg\u00fcl\u00fc Kordon Dokuma Fiyatlar\u0131, Emre Dar Dokuma Sa\u00e7 \u00d6rg\u00fcl\u00fc Kordon \u00dcr\u00fcnleri.","robots":{"index":"index","follow":"follow","max-snippet":"max-snippet:-1","max-image-preview":"max-image-preview:large","max-video-preview":"max-video-preview:-1"},"canonical":"https:\/\/emredardokuma.com\/tr\/urun-kategori\/kordon-dar-dokuma\/sac-orgulu-kordon\/","og_locale":"tr_TR","og_type":"article","og_title":"Sa\u00e7 \u00d6rg\u00fcl\u00fc Kordon Dokumalar | Emre Dar Dokuma","og_description":"Sa\u00e7 \u00d6rg\u00fcl\u00fc Kordon Dokumalar, Sa\u00e7 \u00d6rg\u00fcl\u00fc Kordon Dokuma \u00dcr\u00fcnleri, Sa\u00e7 \u00d6rg\u00fcl\u00fc Kordon Dokuma Fiyatlar\u0131, Emre Dar Dokuma Sa\u00e7 \u00d6rg\u00fcl\u00fc Kordon \u00dcr\u00fcnleri.","og_url":"https:\/\/emredardokuma.com\/tr\/urun-kategori\/kordon-dar-dokuma\/sac-orgulu-kordon\/","og_site_name":"Emre Narrow Woven","twitter_card":"summary_large_image","schema":{"@context":"https:\/\/schema.org","@graph":[{"@type":"CollectionPage","@id":"https:\/\/emredardokuma.com\/tr\/urun-kategori\/kordon-dar-dokuma\/sac-orgulu-kordon\/","url":"https:\/\/emredardokuma.com\/tr\/urun-kategori\/kordon-dar-dokuma\/sac-orgulu-kordon\/","name":"Sa\u00e7 \u00d6rg\u00fcl\u00fc Kordon Dokumalar | Emre Dar Dokuma","isPartOf":{"@id":"https:\/\/emredardokuma.com\/#website"},"description":"Sa\u00e7 \u00d6rg\u00fcl\u00fc Kordon Dokumalar, Sa\u00e7 \u00d6rg\u00fcl\u00fc Kordon Dokuma \u00dcr\u00fcnleri, Sa\u00e7 \u00d6rg\u00fcl\u00fc Kordon Dokuma Fiyatlar\u0131, Emre Dar Dokuma Sa\u00e7 \u00d6rg\u00fcl\u00fc Kordon \u00dcr\u00fcnleri.","breadcrumb":{"@id":"https:\/\/emredardokuma.com\/tr\/urun-kategori\/kordon-dar-dokuma\/sac-orgulu-kordon\/#breadcrumb"},"inLanguage":"tr"},{"@type":"BreadcrumbList","@id":"https:\/\/emredardokuma.com\/tr\/urun-kategori\/kordon-dar-dokuma\/sac-orgulu-kordon\/#breadcrumb","itemListElement":[{"@type":"ListItem","position":1,"name":"Home","item":"https:\/\/emredardokuma.com\/"},{"@type":"ListItem","position":2,"name":"Kordon Dar Dokuma","item":"https:\/\/emredardokuma.com\/tr\/urun-kategori\/kordon-dar-dokuma\/"},{"@type":"ListItem","position":3,"name":"Sa\u00e7 \u00d6rg\u00fcl\u00fc Kordon Dokumalar"}]},{"@type":"WebSite","@id":"https:\/\/emredardokuma.com\/#website","url":"https:\/\/emredardokuma.com\/","name":"Emre Narrow Woven","description":"Narrow Woven Products","publisher":{"@id":"https:\/\/emredardokuma.com\/#organization"},"potentialAction":[{"@type":"SearchAction","target":{"@type":"EntryPoint","urlTemplate":"https:\/\/emredardokuma.com\/?s={search_term_string}"},"query-input":{"@type":"PropertyValueSpecification","valueRequired":true,"valueName":"search_term_string"}}],"inLanguage":"tr"},{"@type":"Organization","@id":"https:\/\/emredardokuma.com\/#organization","name":"Emre Narrow Woven","url":"https:\/\/emredardokuma.com\/","logo":{"@type":"ImageObject","inLanguage":"tr","@id":"https:\/\/emredardokuma.com\/#\/schema\/logo\/image\/","url":"https:\/\/emredardokuma.com\/wp-content\/uploads\/2022\/09\/emre-dar-dokuma.png","contentUrl":"https:\/\/emredardokuma.com\/wp-content\/uploads\/2022\/09\/emre-dar-dokuma.png","width":400,"height":98,"caption":"Emre Narrow Woven"},"image":{"@id":"https:\/\/emredardokuma.com\/#\/schema\/logo\/image\/"}}]}},"_links":{"self":[{"href":"https:\/\/emredardokuma.com\/tr\/wp-json\/wp\/v2\/product_cat\/130","targetHints":{"allow":["GET"]}}],"collection":[{"href":"https:\/\/emredardokuma.com\/tr\/wp-json\/wp\/v2\/product_cat"}],"about":[{"href":"https:\/\/emredardokuma.com\/tr\/wp-json\/wp\/v2\/taxonomies\/product_cat"}],"up":[{"embeddable":true,"href":"https:\/\/emredardokuma.com\/tr\/wp-json\/wp\/v2\/product_cat\/129"}],"wp:post_type":[{"href":"https:\/\/emredardokuma.com\/tr\/wp-json\/wp\/v2\/product?product_cat=130"}],"curies":[{"name":"wp","href":"https:\/\/api.w.org\/{rel}","templated":true}]}}