{"id":3544,"date":"2023-03-05T19:17:18","date_gmt":"2023-03-05T19:17:18","guid":{"rendered":"https:\/\/emredardokuma.com\/sertifikali-dar-dokuma-uretimi\/"},"modified":"2023-05-23T09:03:11","modified_gmt":"2023-05-23T09:03:11","slug":"sertifikali-dar-dokuma-uretimi","status":"publish","type":"post","link":"https:\/\/emredardokuma.com\/tr\/sertifikali-dar-dokuma-uretimi\/","title":{"rendered":"Sertifikal\u0131 Dar Dokuma \u00dcretimi"},"content":{"rendered":"\t\t<div data-elementor-type=\"wp-post\" data-elementor-id=\"3544\" class=\"elementor elementor-3544 elementor-3476\">\n\t\t\t\t\t\t<section class=\"elementor-section elementor-top-section elementor-element elementor-element-42cf215 elementor-section-boxed elementor-section-height-default elementor-section-height-default\" data-id=\"42cf215\" data-element_type=\"section\" data-e-type=\"section\">\n\t\t\t\t\t\t<div class=\"elementor-container elementor-column-gap-default\">\n\t\t\t\t\t<div class=\"elementor-column elementor-col-100 elementor-top-column elementor-element elementor-element-8e29643\" data-id=\"8e29643\" data-element_type=\"column\" data-e-type=\"column\">\n\t\t\t<div class=\"elementor-widget-wrap elementor-element-populated\">\n\t\t\t\t\t\t<div class=\"elementor-element elementor-element-c358502 elementor-widget elementor-widget-heading\" data-id=\"c358502\" data-element_type=\"widget\" data-e-type=\"widget\" data-widget_type=\"heading.default\">\n\t\t\t\t<div class=\"elementor-widget-container\">\n\t\t\t\t\t<h1 class=\"elementor-heading-title elementor-size-default\">Sertifikal\u0131 Dar Dokuma \u00dcretimi <\/h1>\t\t\t\t<\/div>\n\t\t\t\t<\/div>\n\t\t\t\t<div class=\"elementor-element elementor-element-31d6b24 elementor-widget elementor-widget-html\" data-id=\"31d6b24\" data-element_type=\"widget\" data-e-type=\"widget\" data-widget_type=\"html.default\">\n\t\t\t\t<div class=\"elementor-widget-container\">\n\t\t\t\t\t\n        <div class=\" meta-post et-shortcode\">\n\n                            <time class=\"entry-date published updated\" datetime=\"Mart 5, 2023\">\n                    5 Mart 2023                <\/time>\n                            <span class=\"meta-divider\">\/<\/span>\n                 <span class=\"views-count\">356<\/span>                           \n        <\/div>\n        \t\t\t\t<\/div>\n\t\t\t\t<\/div>\n\t\t\t\t\t<\/div>\n\t\t<\/div>\n\t\t\t\t\t<\/div>\n\t\t<\/section>\n\t\t\t\t<section class=\"elementor-section elementor-top-section elementor-element elementor-element-293afec elementor-section-boxed elementor-section-height-default elementor-section-height-default\" data-id=\"293afec\" data-element_type=\"section\" data-e-type=\"section\">\n\t\t\t\t\t\t<div class=\"elementor-container elementor-column-gap-default\">\n\t\t\t\t\t<div class=\"elementor-column elementor-col-100 elementor-top-column elementor-element elementor-element-9287525\" data-id=\"9287525\" data-element_type=\"column\" data-e-type=\"column\">\n\t\t\t<div class=\"elementor-widget-wrap elementor-element-populated\">\n\t\t\t\t\t\t<div class=\"elementor-element elementor-element-cefdb25 elementor-widget elementor-widget-text-editor\" data-id=\"cefdb25\" data-element_type=\"widget\" data-e-type=\"widget\" data-widget_type=\"text-editor.default\">\n\t\t\t\t<div class=\"elementor-widget-container\">\n\t\t\t\t\t\t\t\t\t<p><strong>Dar Dokuma<\/strong>, dar dokuma makinelerinde \u00e7\u00f6zg\u00fcler kullan\u0131larak yap\u0131lan, 10 cm\u2019yi ge\u00e7meyen \u00fcr\u00fcnlerdir. Dar dokumalar, kullan\u0131m alanlar\u0131na ve yerlerine g\u00f6re de\u011fi\u015fmektedir. \u00d6rne\u011fin; kolon, \u015ferit, lastik, kordon olarak adland\u0131r\u0131labilmektedir. Bu \u00fcr\u00fcnlerin tamam\u0131 10 cm\u2019ye kadar geni\u015fletilmektedir. Bu \u00fcr\u00fcnler ayn\u0131 zamanda \u201cdokuma \u015ferit\u201d olarak da bilinmektedir. Dar dokuma \u00fcr\u00fcnler \u00f6zellikle ev tekstili ba\u015fta olmak \u00fczere; otomobil, savunma, elektroteknik, i\u015f\u00e7i g\u00fcvenli\u011fi ve sa\u011fl\u0131k sekt\u00f6rlerinde kullan\u0131lmaktad\u0131r. Bu sekt\u00f6rlerde kullan\u0131lmas\u0131n\u0131n sebebi, kuma\u015f\u0131n elastik bir yap\u0131ya sahip olmas\u0131d\u0131r. Dar Dokuma \u00dcr\u00fcnler iplik \u00e7e\u015fidi baz al\u0131nd\u0131\u011f\u0131nda (yani pamuk, polyester, viskon, naylon vb.) kurdele, grogren \u015ferit, yatak \u015feridi gibi di\u011fer dokumalar \u015feklinde de \u00fcretilebilmektedir. Sekt\u00f6r i\u00e7erisinde yeni olan ki\u015filer sertifikal\u0131 dar dokuma nedir, sertifikal\u0131 dar dokuma \u00fcretimi nas\u0131l yap\u0131l\u0131r, ne \u015fekilde yap\u0131l\u0131r gibi sorular\u0131 y\u00f6neltmektedir.<\/p>\n\t\t\t\t\t\t\t\t<\/div>\n\t\t\t\t<\/div>\n\t\t\t\t\t<\/div>\n\t\t<\/div>\n\t\t\t\t\t<\/div>\n\t\t<\/section>\n\t\t\t\t<section class=\"elementor-section elementor-top-section elementor-element elementor-element-f239f8a elementor-section-boxed elementor-section-height-default elementor-section-height-default\" data-id=\"f239f8a\" data-element_type=\"section\" data-e-type=\"section\">\n\t\t\t\t\t\t<div class=\"elementor-container elementor-column-gap-default\">\n\t\t\t\t\t<div class=\"elementor-column elementor-col-100 elementor-top-column elementor-element elementor-element-a3b11f5\" data-id=\"a3b11f5\" data-element_type=\"column\" data-e-type=\"column\">\n\t\t\t<div class=\"elementor-widget-wrap elementor-element-populated\">\n\t\t\t\t\t\t<div class=\"elementor-element elementor-element-3c6f12d elementor-widget elementor-widget-text-editor\" data-id=\"3c6f12d\" data-element_type=\"widget\" data-e-type=\"widget\" data-widget_type=\"text-editor.default\">\n\t\t\t\t<div class=\"elementor-widget-container\">\n\t\t\t\t\t\t\t\t\t<p>Dar Dokuma \u00dcr\u00fcnlerin bu denli tercih edilir olmas\u0131, piyasada iyi ve k\u00f6t\u00fc bir\u00e7ok \u00fcreticinin var olmas\u0131na neden oluyor. \u0130\u015fte buradaki en ay\u0131rt edici \u00f6zellik \u00fcretim yapan firmalar\u0131n sertifikal\u0131 olmas\u0131 ve g\u00fcvenilir hizmet sa\u011flamas\u0131 oluyor. <strong>Sertifikal\u0131 Dar Dokuma \u00dcretimi<\/strong> yapan bizler m\u00fc\u015fterilerimize her zaman en \u00fcst seviyede kaliteyi onaylanm\u0131\u015f hizmet anlay\u0131\u015f\u0131m\u0131zla sunuyoruz.<\/p>\n\t\t\t\t\t\t\t\t<\/div>\n\t\t\t\t<\/div>\n\t\t\t\t\t<\/div>\n\t\t<\/div>\n\t\t\t\t\t<\/div>\n\t\t<\/section>\n\t\t\t\t<section class=\"elementor-section elementor-top-section elementor-element elementor-element-cefb8bd elementor-section-boxed elementor-section-height-default elementor-section-height-default\" data-id=\"cefb8bd\" data-element_type=\"section\" data-e-type=\"section\">\n\t\t\t\t\t\t<div class=\"elementor-container elementor-column-gap-default\">\n\t\t\t\t\t<div class=\"elementor-column elementor-col-100 elementor-top-column elementor-element elementor-element-62d6cf4\" data-id=\"62d6cf4\" data-element_type=\"column\" data-e-type=\"column\">\n\t\t\t<div class=\"elementor-widget-wrap elementor-element-populated\">\n\t\t\t\t\t\t<div class=\"elementor-element elementor-element-a05f841 elementor-widget elementor-widget-text-editor\" data-id=\"a05f841\" data-element_type=\"widget\" data-e-type=\"widget\" data-widget_type=\"text-editor.default\">\n\t\t\t\t<div class=\"elementor-widget-container\">\n\t\t\t\t\t\t\t\t\t<h2><strong>Sertifikal\u0131 Dar Dokuma \u00dcr\u00fcnleri<\/strong><\/h2>\n<p>Dar Dokuma \u00dcretiminde \u00fcr\u00fcnlerin kullan\u0131ld\u0131\u011f\u0131 alana g\u00f6re farkl\u0131 teknikler kullan\u0131lmaktad\u0131r. Ayr\u0131ca \u00fcr\u00fcnlerin kullan\u0131ld\u0131\u011f\u0131 alana g\u00f6re teknik de\u011fi\u015fmektedir. \u0130\u015fte bu denli geni\u015f alan i\u00e7in \u00fcretilebilen ve b\u00fcy\u00fck pazar pay\u0131na sahip bu sekt\u00f6rde Sertifikal\u0131 Dar Dokuma \u00dcr\u00fcnler \u00fcretmek de olduk\u00e7a \u00f6nemlidir.<\/p>\n\t\t\t\t\t\t\t\t<\/div>\n\t\t\t\t<\/div>\n\t\t\t\t\t<\/div>\n\t\t<\/div>\n\t\t\t\t\t<\/div>\n\t\t<\/section>\n\t\t\t\t<section class=\"elementor-section elementor-top-section elementor-element elementor-element-dfb1f2c elementor-section-boxed elementor-section-height-default elementor-section-height-default\" data-id=\"dfb1f2c\" data-element_type=\"section\" data-e-type=\"section\">\n\t\t\t\t\t\t<div class=\"elementor-container elementor-column-gap-default\">\n\t\t\t\t\t<div class=\"elementor-column elementor-col-100 elementor-top-column elementor-element elementor-element-040aaf8\" data-id=\"040aaf8\" data-element_type=\"column\" data-e-type=\"column\">\n\t\t\t<div class=\"elementor-widget-wrap elementor-element-populated\">\n\t\t\t\t\t\t<div class=\"elementor-element elementor-element-c737143 elementor-widget elementor-widget-text-editor\" data-id=\"c737143\" data-element_type=\"widget\" data-e-type=\"widget\" data-widget_type=\"text-editor.default\">\n\t\t\t\t<div class=\"elementor-widget-container\">\n\t\t\t\t\t\t\t\t\t<p>\u00c7\u00fcnk\u00fc kalite alg\u0131s\u0131, g\u00fcvenilir \u00fcr\u00fcnler olu\u015fturmak ve t\u00fcketicilerin ihtiyac\u0131 olan tasar\u0131mlar olu\u015fturabilmek i\u00e7in belirli yetenekler gerekmektedir. \u0130\u015fte Sertifikalar ve Kalite Belgeleri bu alanda genel kabul g\u00f6ren en \u00f6nemli kan\u0131tlard\u0131r. G\u00fcvenilir bir marka olman\u0131n en \u00f6nemli \u015fartlar\u0131 aras\u0131nda yer alan bu sertifikalar hem sizin pazardaki rekabet g\u00fcc\u00fcn\u00fcz\u00fc hem de g\u00fcvenilirli\u011finizi kan\u0131tlar.<\/p>\n\t\t\t\t\t\t\t\t<\/div>\n\t\t\t\t<\/div>\n\t\t\t\t\t<\/div>\n\t\t<\/div>\n\t\t\t\t\t<\/div>\n\t\t<\/section>\n\t\t\t\t<section class=\"elementor-section elementor-top-section elementor-element elementor-element-2a73572 elementor-section-boxed elementor-section-height-default elementor-section-height-default\" data-id=\"2a73572\" data-element_type=\"section\" data-e-type=\"section\">\n\t\t\t\t\t\t<div class=\"elementor-container elementor-column-gap-default\">\n\t\t\t\t\t<div class=\"elementor-column elementor-col-100 elementor-top-column elementor-element elementor-element-c274c12\" data-id=\"c274c12\" data-element_type=\"column\" data-e-type=\"column\">\n\t\t\t<div class=\"elementor-widget-wrap elementor-element-populated\">\n\t\t\t\t\t\t<div class=\"elementor-element elementor-element-0a59d7c elementor-widget elementor-widget-text-editor\" data-id=\"0a59d7c\" data-element_type=\"widget\" data-e-type=\"widget\" data-widget_type=\"text-editor.default\">\n\t\t\t\t<div class=\"elementor-widget-container\">\n\t\t\t\t\t\t\t\t\t<p>Hem ulusal hem de uluslararas\u0131 alanda hizmet veren Emre Dar Dokuma olarak kendimizi geli\u015ftirmek ve kan\u0131tlamak ad\u0131na bu sertifikalara son derece \u00f6nem veriyoruz. \u00c7\u00fcnk\u00fc \u201cKalite ve G\u00fcven\u201d kavramlar\u0131 i\u015fletmemiz a\u00e7\u0131s\u0131ndan olduk\u00e7a b\u00fcy\u00fck \u00f6neme sahip. Bizler m\u00fc\u015fterilerimizin son teknoloji \u00fcr\u00fcnlerine sahip olmas\u0131n\u0131 sa\u011flamay\u0131 bir g\u00f6rev haline getiriyoruz. \u00dcr\u00fcn ve hizmet kalitesi ba\u015fta olmak \u00fczere, t\u00fcm hizmetlerimizi d\u00fcnya standartlar\u0131 \u00e7er\u00e7evesinde ger\u00e7ekle\u015ftiriyoruz. Bu do\u011frultuda sahip oldu\u011fumuz Uluslararas\u0131 Tekstil ve Dar Dokuma Sertifikalar\u0131m\u0131z ise gururla s\u0131ral\u0131yoruz.<\/p>\n\t\t\t\t\t\t\t\t<\/div>\n\t\t\t\t<\/div>\n\t\t\t\t\t<\/div>\n\t\t<\/div>\n\t\t\t\t\t<\/div>\n\t\t<\/section>\n\t\t\t\t<section class=\"elementor-section elementor-top-section elementor-element elementor-element-40b8389 elementor-section-boxed elementor-section-height-default elementor-section-height-default\" data-id=\"40b8389\" data-element_type=\"section\" data-e-type=\"section\">\n\t\t\t\t\t\t<div class=\"elementor-container elementor-column-gap-default\">\n\t\t\t\t\t<div class=\"elementor-column elementor-col-100 elementor-top-column elementor-element elementor-element-ed96bf5\" data-id=\"ed96bf5\" data-element_type=\"column\" data-e-type=\"column\">\n\t\t\t<div class=\"elementor-widget-wrap elementor-element-populated\">\n\t\t\t\t\t\t<div class=\"elementor-element elementor-element-62c8139 elementor-widget elementor-widget-text-editor\" data-id=\"62c8139\" data-element_type=\"widget\" data-e-type=\"widget\" data-widget_type=\"text-editor.default\">\n\t\t\t\t<div class=\"elementor-widget-container\">\n\t\t\t\t\t\t\t\t\t<h3><strong>Sertifikalar\u0131m\u0131z<\/strong><\/h3>\n<p><strong>OEKO \u2013 TEX<\/strong>: Ekoteks olarak T\u00fcrk\u00e7ele\u015ftirilen bu sertifika standartlar\u0131 ad\u0131n\u0131 ald\u0131\u011f\u0131 OEKO \u2013 TEX firmas\u0131 taraf\u0131ndan belirlenmektedir. Sertifikan\u0131n amac\u0131 tekstil \u00fcr\u00fcnleri olu\u015ftururken insan sa\u011fl\u0131\u011f\u0131 i\u00e7in en az tehlike arz eden malzemelerin, \u00fcretim tekniklerinin ve \u00e7\u00f6z\u00fcmlerinin kullan\u0131lmas\u0131n\u0131 sa\u011flamakt\u0131r. \u00dcr\u00fcn\u00fc olu\u015fturan par\u00e7alardan (iplik, d\u00fc\u011fme, fermuar vb.) hi\u00e7birinde zararl\u0131 kimyasal i\u00e7ermedi\u011fini belgeler.<\/p>\n<p><strong>SEDEX<\/strong>: Bir belge olan Sedex Belgesi, ilgili firman\u0131n bu gruba \u00fcye oldu\u011funu ve \u00fcyeli\u011fi kapsam\u0131nda t\u00fcm SEDEX sorumluluklar\u0131n\u0131 yerine getirdi\u011fini g\u00f6stermektedir. Kapsam\u0131 olduk\u00e7a geni\u015f olan bu belge; \u00fcretim hatlar\u0131n\u0131n g\u00fcvenli\u011finden i\u015f\u00e7i haklar\u0131na, \u00e7evre ve i\u015f eti\u011finden kurumsal geli\u015fime kadar \u00e7ok geni\u015f \u00e7apta bir de\u011ferlendirme i\u00e7erir.<\/p>\n<p><strong>Global Organic Textile Standard Certificate<\/strong> <strong>(GOTS)<\/strong>: D\u00fcnyan\u0131n \u00f6nde gelen organik elyaf standartlar\u0131ndand\u0131r. Tekstil \u00fcr\u00fcnlerinin \u00fcretimi a\u015famas\u0131nda sosyal, kimyasal ve \u00e7evresel gereksinimleri belirten bir sertifikad\u0131r.<\/p>\n<p><strong>Global Recycled Standard Certificate (GRS)<\/strong>: K\u00fcresel Geri D\u00f6n\u00fc\u015f\u00fcm Standard\u0131 olarak \u00e7evirebilece\u011fimiz bu sertifika geri d\u00f6n\u00fc\u015ft\u00fcr\u00fclm\u00fc\u015f malzemelere dayal\u0131 bitmi\u015f veya ara \u00fcr\u00fcnler i\u00e7in gerekli olan standartlar\u0131 belirler. Geri d\u00f6n\u00fc\u015f\u00fcm esnas\u0131nda \u00e7evreye zararl\u0131 olabilecek her t\u00fcrl\u00fc mekanik ve kimyasal etkileri minimuma indirmek i\u00e7in gereklilikleri tan\u0131mlar.<\/p>\n<p><strong>Organic Content Standard Certificate (OCS)<\/strong>: \u0130\u00e7eri\u011fini organik olarak \u00fcreten firmalar\u0131n almas\u0131 gereken bir sertifikad\u0131r. Organik ve g\u00fcvenli \u00fcr\u00fcn beyan\u0131n\u0131 kan\u0131tlamak i\u00e7in al\u0131n\u0131r. \u0130\u00e7eri\u011finde %5 &#8211; %100 organik materyal i\u00e7eren ve g\u0131da olmayan \u00fcr\u00fcnler i\u00e7in verilir.<\/p>\n<p><strong>Organic Content Standard Blended (OCS Blended)<\/strong>: Bu sertifika firmalara ait \u00fcr\u00fcnlerin ger\u00e7ekten organik materyal i\u00e7erip i\u00e7ermedi\u011fini g\u00f6sterir. Bir \u00fcstteki OCS sertifikas\u0131n\u0131n varyasyonu olan bu sertifikan\u0131n fark\u0131 ise nihai \u00fcr\u00fcn i\u00e7erisinde %5 &#8211; %95 do\u011fal malzeme i\u00e7erme zorunlulu\u011fudur.<\/p>\n<p><strong>Recycled Claim Standard Certificate (RCS)<\/strong>: Geri d\u00f6n\u00fc\u015ft\u00fcr\u00fclm\u00fc\u015f \u00fcr\u00fcnlerin g\u00f6zetim ve denetimine dair verilen bu sertifika zorunlu olmayan, g\u00f6n\u00fcll\u00fc olarak al\u0131nan bir sertifikad\u0131r. Belgenin amac\u0131 firmaya ait \u00fcr\u00fcnlerin g\u00fcvenilirli\u011fini kan\u0131tlamak ve gerekli g\u00f6zetimlerin yap\u0131ld\u0131\u011f\u0131na dair t\u00fcketicilere bilgi sa\u011flamakt\u0131r.<\/p>\n<p><strong>Recycled Blended Claim Standard Certificate (RCS)<\/strong>: Geri d\u00f6n\u00fc\u015ft\u00fcr\u00fclm\u00fc\u015f \u00fcr\u00fcndeki malzeme varl\u0131\u011f\u0131n\u0131 do\u011frulayan bir sertifikad\u0131r. T\u00fcketicilerin alm\u0131\u015f olduklar\u0131 \u00fcr\u00fcn i\u00e7erisindeki materyallerin oran\u0131n\u0131, kalitesini vb. bilgileri sunar.<\/p>\n\t\t\t\t\t\t\t\t<\/div>\n\t\t\t\t<\/div>\n\t\t\t\t\t<\/div>\n\t\t<\/div>\n\t\t\t\t\t<\/div>\n\t\t<\/section>\n\t\t\t\t<section class=\"elementor-section elementor-top-section elementor-element elementor-element-1f81d29 elementor-section-boxed elementor-section-height-default elementor-section-height-default\" data-id=\"1f81d29\" data-element_type=\"section\" data-e-type=\"section\">\n\t\t\t\t\t\t<div class=\"elementor-container elementor-column-gap-default\">\n\t\t\t\t\t<div class=\"elementor-column elementor-col-100 elementor-top-column elementor-element elementor-element-412204d\" data-id=\"412204d\" data-element_type=\"column\" data-e-type=\"column\">\n\t\t\t<div class=\"elementor-widget-wrap elementor-element-populated\">\n\t\t\t\t\t\t<div class=\"elementor-element elementor-element-a83cd1e elementor-widget elementor-widget-text-editor\" data-id=\"a83cd1e\" data-element_type=\"widget\" data-e-type=\"widget\" data-widget_type=\"text-editor.default\">\n\t\t\t\t<div class=\"elementor-widget-container\">\n\t\t\t\t\t\t\t\t\t<h2><strong>\u0130stanbul Dar Dokuma<\/strong><\/h2>\n<p>\u0130stanbul Dar Dokuma firmalar\u0131n\u0131n ba\u015f\u0131nda gelen <strong>Emre Dar Dokuma<\/strong> olarak 2005 y\u0131l\u0131ndan bu yana hizmet vermekteyiz. Uzun zamand\u0131r sekt\u00f6r i\u00e7erisinde yer alan firmam\u0131z, yurt i\u00e7i ve yurt d\u0131\u015f\u0131 olmak \u00fczere pek \u00e7ok \u00fclkeye hizmet vermektedir. T\u00fcrkiye ba\u015fta olmak \u00fczere amac\u0131m\u0131z, globalle\u015fen bir marka haline gelmektir. Bu nedenle piyasa i\u00e7erisinde pek \u00e7ok firmaya nazaran uygun fiyat kalitesi sunmakta ve kaliteyi daima \u00f6n planda tutmaktay\u0131z.<\/p>\n<p><strong>\u0130stanbul Dar Dokuma Firmalar\u0131<\/strong> i\u00e7erisinde yer alan i\u015fletmemiz g\u00fcvenilir, \u015feffaf ve kaliteli hizmet se\u00e7enekleriyle \u00f6n plana \u00e7\u0131kmaktad\u0131r. Tabi ki sahip oldu\u011fumuz <strong>Dar Dokuma Sertifikalar\u0131yla<\/strong> bu \u00f6zelliklerimizi de global ve ulusal alanda kan\u0131tlamaktad\u0131r.<\/p>\n<p>E\u011fer sizler de Dar Dokuma \u00dcr\u00fcnleri hakk\u0131nda hizmete ihtiya\u00e7 duyuyorsan\u0131z \u201cBize Ula\u015f\u0131n\u201d k\u0131sm\u0131ndan bizimle ileti\u015fime ge\u00e7ebilirsiniz. Sekt\u00f6rde g\u00fcvenilirli\u011fi ve kaliteli hizmetiyle tan\u0131nan Emre Dar Dokuma olarak sizlerle \u00e7al\u0131\u015fmaktan memnuniyet duyaca\u011f\u0131z.<\/p>\n\t\t\t\t\t\t\t\t<\/div>\n\t\t\t\t<\/div>\n\t\t\t\t\t<\/div>\n\t\t<\/div>\n\t\t\t\t\t<\/div>\n\t\t<\/section>\n\t\t\t\t<\/div>\n\t\t","protected":false},"excerpt":{"rendered":"<p>Sertifikal\u0131 Dar Dokuma \u00dcretimi Dar Dokuma, dar dokuma makinelerinde \u00e7\u00f6zg\u00fcler kullan\u0131larak yap\u0131lan, 10 cm\u2019yi ge\u00e7meyen \u00fcr\u00fcnlerdir. Dar dokumalar, kullan\u0131m alanlar\u0131na ve yerlerine g\u00f6re de\u011fi\u015fmektedir. \u00d6rne\u011fin;&#8230;<\/p>\n","protected":false},"author":3,"featured_media":3512,"comment_status":"closed","ping_status":"closed","sticky":false,"template":"","format":"standard","meta":{"footnotes":""},"categories":[218],"tags":[],"class_list":["post-3544","post","type-post","status-publish","format-standard","has-post-thumbnail","hentry","category-dar-dokuma-urun-uretimi"],"yoast_head":"<!-- This site is optimized with the Yoast SEO plugin v27.5 - https:\/\/yoast.com\/product\/yoast-seo-wordpress\/ -->\n<title>Sertifikal\u0131 Dar Dokuma \u00dcretimi<\/title>\n<meta name=\"description\" content=\"Sertifikal\u0131 Dar Dokuma \u00dcretimi, Sertifikal\u0131 Dar Dokuma \u00dcr\u00fcnleri, Sertifikalar, OEKO-TEX, SEDEX, GOTS, GRS, OCS, OCS Blended, RCS.\" \/>\n<meta name=\"robots\" content=\"index, follow, max-snippet:-1, max-image-preview:large, max-video-preview:-1\" \/>\n<link rel=\"canonical\" href=\"https:\/\/emredardokuma.com\/tr\/sertifikali-dar-dokuma-uretimi\/\" \/>\n<meta property=\"og:locale\" content=\"tr_TR\" \/>\n<meta property=\"og:type\" content=\"article\" \/>\n<meta property=\"og:title\" content=\"Sertifikal\u0131 Dar Dokuma \u00dcretimi\" \/>\n<meta property=\"og:description\" content=\"Sertifikal\u0131 Dar Dokuma \u00dcretimi, Sertifikal\u0131 Dar Dokuma \u00dcr\u00fcnleri, Sertifikalar, OEKO-TEX, SEDEX, GOTS, GRS, OCS, OCS Blended, RCS.\" \/>\n<meta property=\"og:url\" content=\"https:\/\/emredardokuma.com\/tr\/sertifikali-dar-dokuma-uretimi\/\" \/>\n<meta property=\"og:site_name\" content=\"Emre Narrow Woven\" \/>\n<meta property=\"article:published_time\" content=\"2023-03-05T19:17:18+00:00\" \/>\n<meta property=\"article:modified_time\" content=\"2023-05-23T09:03:11+00:00\" \/>\n<meta property=\"og:image\" content=\"https:\/\/emredardokuma.com\/wp-content\/uploads\/2023\/03\/Certified-Narrow-Weaving-Production-1.jpg\" \/>\n\t<meta property=\"og:image:width\" content=\"960\" \/>\n\t<meta property=\"og:image:height\" content=\"500\" \/>\n\t<meta property=\"og:image:type\" content=\"image\/jpeg\" \/>\n<meta name=\"author\" content=\"EmreDarDokuma\" \/>\n<meta name=\"twitter:card\" content=\"summary_large_image\" \/>\n<meta name=\"twitter:label1\" content=\"Yazan:\" \/>\n\t<meta name=\"twitter:data1\" content=\"EmreDarDokuma\" \/>\n\t<meta name=\"twitter:label2\" content=\"Tahmini okuma s\u00fcresi\" \/>\n\t<meta name=\"twitter:data2\" content=\"5 dakika\" \/>\n<script type=\"application\/ld+json\" class=\"yoast-schema-graph\">{\"@context\":\"https:\\\/\\\/schema.org\",\"@graph\":[{\"@type\":\"Article\",\"@id\":\"https:\\\/\\\/emredardokuma.com\\\/tr\\\/sertifikali-dar-dokuma-uretimi\\\/#article\",\"isPartOf\":{\"@id\":\"https:\\\/\\\/emredardokuma.com\\\/tr\\\/sertifikali-dar-dokuma-uretimi\\\/\"},\"author\":{\"name\":\"EmreDarDokuma\",\"@id\":\"https:\\\/\\\/emredardokuma.com\\\/#\\\/schema\\\/person\\\/58abef3b5fdb4bf6cc7b90d40502b8ca\"},\"headline\":\"Sertifikal\u0131 Dar Dokuma \u00dcretimi\",\"datePublished\":\"2023-03-05T19:17:18+00:00\",\"dateModified\":\"2023-05-23T09:03:11+00:00\",\"mainEntityOfPage\":{\"@id\":\"https:\\\/\\\/emredardokuma.com\\\/tr\\\/sertifikali-dar-dokuma-uretimi\\\/\"},\"wordCount\":1066,\"publisher\":{\"@id\":\"https:\\\/\\\/emredardokuma.com\\\/#organization\"},\"image\":{\"@id\":\"https:\\\/\\\/emredardokuma.com\\\/tr\\\/sertifikali-dar-dokuma-uretimi\\\/#primaryimage\"},\"thumbnailUrl\":\"https:\\\/\\\/emredardokuma.com\\\/wp-content\\\/uploads\\\/2023\\\/03\\\/Certified-Narrow-Weaving-Production-1.jpg\",\"articleSection\":[\"Dar Dokuma \u00dcr\u00fcn \u00dcretimi\"],\"inLanguage\":\"tr\"},{\"@type\":\"WebPage\",\"@id\":\"https:\\\/\\\/emredardokuma.com\\\/tr\\\/sertifikali-dar-dokuma-uretimi\\\/\",\"url\":\"https:\\\/\\\/emredardokuma.com\\\/tr\\\/sertifikali-dar-dokuma-uretimi\\\/\",\"name\":\"Sertifikal\u0131 Dar Dokuma \u00dcretimi\",\"isPartOf\":{\"@id\":\"https:\\\/\\\/emredardokuma.com\\\/#website\"},\"primaryImageOfPage\":{\"@id\":\"https:\\\/\\\/emredardokuma.com\\\/tr\\\/sertifikali-dar-dokuma-uretimi\\\/#primaryimage\"},\"image\":{\"@id\":\"https:\\\/\\\/emredardokuma.com\\\/tr\\\/sertifikali-dar-dokuma-uretimi\\\/#primaryimage\"},\"thumbnailUrl\":\"https:\\\/\\\/emredardokuma.com\\\/wp-content\\\/uploads\\\/2023\\\/03\\\/Certified-Narrow-Weaving-Production-1.jpg\",\"datePublished\":\"2023-03-05T19:17:18+00:00\",\"dateModified\":\"2023-05-23T09:03:11+00:00\",\"description\":\"Sertifikal\u0131 Dar Dokuma \u00dcretimi, Sertifikal\u0131 Dar Dokuma \u00dcr\u00fcnleri, Sertifikalar, OEKO-TEX, SEDEX, GOTS, GRS, OCS, OCS Blended, RCS.\",\"breadcrumb\":{\"@id\":\"https:\\\/\\\/emredardokuma.com\\\/tr\\\/sertifikali-dar-dokuma-uretimi\\\/#breadcrumb\"},\"inLanguage\":\"tr\",\"potentialAction\":[{\"@type\":\"ReadAction\",\"target\":[\"https:\\\/\\\/emredardokuma.com\\\/tr\\\/sertifikali-dar-dokuma-uretimi\\\/\"]}]},{\"@type\":\"ImageObject\",\"inLanguage\":\"tr\",\"@id\":\"https:\\\/\\\/emredardokuma.com\\\/tr\\\/sertifikali-dar-dokuma-uretimi\\\/#primaryimage\",\"url\":\"https:\\\/\\\/emredardokuma.com\\\/wp-content\\\/uploads\\\/2023\\\/03\\\/Certified-Narrow-Weaving-Production-1.jpg\",\"contentUrl\":\"https:\\\/\\\/emredardokuma.com\\\/wp-content\\\/uploads\\\/2023\\\/03\\\/Certified-Narrow-Weaving-Production-1.jpg\",\"width\":960,\"height\":500,\"caption\":\"Sertifikal\u0131 Dar Dokuma \u00dcretimi\"},{\"@type\":\"BreadcrumbList\",\"@id\":\"https:\\\/\\\/emredardokuma.com\\\/tr\\\/sertifikali-dar-dokuma-uretimi\\\/#breadcrumb\",\"itemListElement\":[{\"@type\":\"ListItem\",\"position\":1,\"name\":\"Home\",\"item\":\"https:\\\/\\\/emredardokuma.com\\\/\"},{\"@type\":\"ListItem\",\"position\":2,\"name\":\"Sertifikal\u0131 Dar Dokuma \u00dcretimi\"}]},{\"@type\":\"WebSite\",\"@id\":\"https:\\\/\\\/emredardokuma.com\\\/#website\",\"url\":\"https:\\\/\\\/emredardokuma.com\\\/\",\"name\":\"Emre Narrow Woven\",\"description\":\"Narrow Woven Products\",\"publisher\":{\"@id\":\"https:\\\/\\\/emredardokuma.com\\\/#organization\"},\"potentialAction\":[{\"@type\":\"SearchAction\",\"target\":{\"@type\":\"EntryPoint\",\"urlTemplate\":\"https:\\\/\\\/emredardokuma.com\\\/?s={search_term_string}\"},\"query-input\":{\"@type\":\"PropertyValueSpecification\",\"valueRequired\":true,\"valueName\":\"search_term_string\"}}],\"inLanguage\":\"tr\"},{\"@type\":\"Organization\",\"@id\":\"https:\\\/\\\/emredardokuma.com\\\/#organization\",\"name\":\"Emre Narrow Woven\",\"url\":\"https:\\\/\\\/emredardokuma.com\\\/\",\"logo\":{\"@type\":\"ImageObject\",\"inLanguage\":\"tr\",\"@id\":\"https:\\\/\\\/emredardokuma.com\\\/#\\\/schema\\\/logo\\\/image\\\/\",\"url\":\"https:\\\/\\\/emredardokuma.com\\\/wp-content\\\/uploads\\\/2022\\\/09\\\/emre-dar-dokuma.png\",\"contentUrl\":\"https:\\\/\\\/emredardokuma.com\\\/wp-content\\\/uploads\\\/2022\\\/09\\\/emre-dar-dokuma.png\",\"width\":400,\"height\":98,\"caption\":\"Emre Narrow Woven\"},\"image\":{\"@id\":\"https:\\\/\\\/emredardokuma.com\\\/#\\\/schema\\\/logo\\\/image\\\/\"}},{\"@type\":\"Person\",\"@id\":\"https:\\\/\\\/emredardokuma.com\\\/#\\\/schema\\\/person\\\/58abef3b5fdb4bf6cc7b90d40502b8ca\",\"name\":\"EmreDarDokuma\",\"image\":{\"@type\":\"ImageObject\",\"inLanguage\":\"tr\",\"@id\":\"https:\\\/\\\/secure.gravatar.com\\\/avatar\\\/750e77c76f1891ead0719d1d99d48d4192a95038660e514fcfe95ca71828aff2?s=96&d=mm&r=g\",\"url\":\"https:\\\/\\\/secure.gravatar.com\\\/avatar\\\/750e77c76f1891ead0719d1d99d48d4192a95038660e514fcfe95ca71828aff2?s=96&d=mm&r=g\",\"contentUrl\":\"https:\\\/\\\/secure.gravatar.com\\\/avatar\\\/750e77c76f1891ead0719d1d99d48d4192a95038660e514fcfe95ca71828aff2?s=96&d=mm&r=g\",\"caption\":\"EmreDarDokuma\"}}]}<\/script>\n<!-- \/ Yoast SEO plugin. -->","yoast_head_json":{"title":"Sertifikal\u0131 Dar Dokuma \u00dcretimi","description":"Sertifikal\u0131 Dar Dokuma \u00dcretimi, Sertifikal\u0131 Dar Dokuma \u00dcr\u00fcnleri, Sertifikalar, OEKO-TEX, SEDEX, GOTS, GRS, OCS, OCS Blended, RCS.","robots":{"index":"index","follow":"follow","max-snippet":"max-snippet:-1","max-image-preview":"max-image-preview:large","max-video-preview":"max-video-preview:-1"},"canonical":"https:\/\/emredardokuma.com\/tr\/sertifikali-dar-dokuma-uretimi\/","og_locale":"tr_TR","og_type":"article","og_title":"Sertifikal\u0131 Dar Dokuma \u00dcretimi","og_description":"Sertifikal\u0131 Dar Dokuma \u00dcretimi, Sertifikal\u0131 Dar Dokuma \u00dcr\u00fcnleri, Sertifikalar, OEKO-TEX, SEDEX, GOTS, GRS, OCS, OCS Blended, RCS.","og_url":"https:\/\/emredardokuma.com\/tr\/sertifikali-dar-dokuma-uretimi\/","og_site_name":"Emre Narrow Woven","article_published_time":"2023-03-05T19:17:18+00:00","article_modified_time":"2023-05-23T09:03:11+00:00","og_image":[{"width":960,"height":500,"url":"https:\/\/emredardokuma.com\/wp-content\/uploads\/2023\/03\/Certified-Narrow-Weaving-Production-1.jpg","type":"image\/jpeg"}],"author":"EmreDarDokuma","twitter_card":"summary_large_image","twitter_misc":{"Yazan:":"EmreDarDokuma","Tahmini okuma s\u00fcresi":"5 dakika"},"schema":{"@context":"https:\/\/schema.org","@graph":[{"@type":"Article","@id":"https:\/\/emredardokuma.com\/tr\/sertifikali-dar-dokuma-uretimi\/#article","isPartOf":{"@id":"https:\/\/emredardokuma.com\/tr\/sertifikali-dar-dokuma-uretimi\/"},"author":{"name":"EmreDarDokuma","@id":"https:\/\/emredardokuma.com\/#\/schema\/person\/58abef3b5fdb4bf6cc7b90d40502b8ca"},"headline":"Sertifikal\u0131 Dar Dokuma \u00dcretimi","datePublished":"2023-03-05T19:17:18+00:00","dateModified":"2023-05-23T09:03:11+00:00","mainEntityOfPage":{"@id":"https:\/\/emredardokuma.com\/tr\/sertifikali-dar-dokuma-uretimi\/"},"wordCount":1066,"publisher":{"@id":"https:\/\/emredardokuma.com\/#organization"},"image":{"@id":"https:\/\/emredardokuma.com\/tr\/sertifikali-dar-dokuma-uretimi\/#primaryimage"},"thumbnailUrl":"https:\/\/emredardokuma.com\/wp-content\/uploads\/2023\/03\/Certified-Narrow-Weaving-Production-1.jpg","articleSection":["Dar Dokuma \u00dcr\u00fcn \u00dcretimi"],"inLanguage":"tr"},{"@type":"WebPage","@id":"https:\/\/emredardokuma.com\/tr\/sertifikali-dar-dokuma-uretimi\/","url":"https:\/\/emredardokuma.com\/tr\/sertifikali-dar-dokuma-uretimi\/","name":"Sertifikal\u0131 Dar Dokuma \u00dcretimi","isPartOf":{"@id":"https:\/\/emredardokuma.com\/#website"},"primaryImageOfPage":{"@id":"https:\/\/emredardokuma.com\/tr\/sertifikali-dar-dokuma-uretimi\/#primaryimage"},"image":{"@id":"https:\/\/emredardokuma.com\/tr\/sertifikali-dar-dokuma-uretimi\/#primaryimage"},"thumbnailUrl":"https:\/\/emredardokuma.com\/wp-content\/uploads\/2023\/03\/Certified-Narrow-Weaving-Production-1.jpg","datePublished":"2023-03-05T19:17:18+00:00","dateModified":"2023-05-23T09:03:11+00:00","description":"Sertifikal\u0131 Dar Dokuma \u00dcretimi, Sertifikal\u0131 Dar Dokuma \u00dcr\u00fcnleri, Sertifikalar, OEKO-TEX, SEDEX, GOTS, GRS, OCS, OCS Blended, RCS.","breadcrumb":{"@id":"https:\/\/emredardokuma.com\/tr\/sertifikali-dar-dokuma-uretimi\/#breadcrumb"},"inLanguage":"tr","potentialAction":[{"@type":"ReadAction","target":["https:\/\/emredardokuma.com\/tr\/sertifikali-dar-dokuma-uretimi\/"]}]},{"@type":"ImageObject","inLanguage":"tr","@id":"https:\/\/emredardokuma.com\/tr\/sertifikali-dar-dokuma-uretimi\/#primaryimage","url":"https:\/\/emredardokuma.com\/wp-content\/uploads\/2023\/03\/Certified-Narrow-Weaving-Production-1.jpg","contentUrl":"https:\/\/emredardokuma.com\/wp-content\/uploads\/2023\/03\/Certified-Narrow-Weaving-Production-1.jpg","width":960,"height":500,"caption":"Sertifikal\u0131 Dar Dokuma \u00dcretimi"},{"@type":"BreadcrumbList","@id":"https:\/\/emredardokuma.com\/tr\/sertifikali-dar-dokuma-uretimi\/#breadcrumb","itemListElement":[{"@type":"ListItem","position":1,"name":"Home","item":"https:\/\/emredardokuma.com\/"},{"@type":"ListItem","position":2,"name":"Sertifikal\u0131 Dar Dokuma \u00dcretimi"}]},{"@type":"WebSite","@id":"https:\/\/emredardokuma.com\/#website","url":"https:\/\/emredardokuma.com\/","name":"Emre Narrow Woven","description":"Narrow Woven Products","publisher":{"@id":"https:\/\/emredardokuma.com\/#organization"},"potentialAction":[{"@type":"SearchAction","target":{"@type":"EntryPoint","urlTemplate":"https:\/\/emredardokuma.com\/?s={search_term_string}"},"query-input":{"@type":"PropertyValueSpecification","valueRequired":true,"valueName":"search_term_string"}}],"inLanguage":"tr"},{"@type":"Organization","@id":"https:\/\/emredardokuma.com\/#organization","name":"Emre Narrow Woven","url":"https:\/\/emredardokuma.com\/","logo":{"@type":"ImageObject","inLanguage":"tr","@id":"https:\/\/emredardokuma.com\/#\/schema\/logo\/image\/","url":"https:\/\/emredardokuma.com\/wp-content\/uploads\/2022\/09\/emre-dar-dokuma.png","contentUrl":"https:\/\/emredardokuma.com\/wp-content\/uploads\/2022\/09\/emre-dar-dokuma.png","width":400,"height":98,"caption":"Emre Narrow Woven"},"image":{"@id":"https:\/\/emredardokuma.com\/#\/schema\/logo\/image\/"}},{"@type":"Person","@id":"https:\/\/emredardokuma.com\/#\/schema\/person\/58abef3b5fdb4bf6cc7b90d40502b8ca","name":"EmreDarDokuma","image":{"@type":"ImageObject","inLanguage":"tr","@id":"https:\/\/secure.gravatar.com\/avatar\/750e77c76f1891ead0719d1d99d48d4192a95038660e514fcfe95ca71828aff2?s=96&d=mm&r=g","url":"https:\/\/secure.gravatar.com\/avatar\/750e77c76f1891ead0719d1d99d48d4192a95038660e514fcfe95ca71828aff2?s=96&d=mm&r=g","contentUrl":"https:\/\/secure.gravatar.com\/avatar\/750e77c76f1891ead0719d1d99d48d4192a95038660e514fcfe95ca71828aff2?s=96&d=mm&r=g","caption":"EmreDarDokuma"}}]}},"_links":{"self":[{"href":"https:\/\/emredardokuma.com\/tr\/wp-json\/wp\/v2\/posts\/3544","targetHints":{"allow":["GET"]}}],"collection":[{"href":"https:\/\/emredardokuma.com\/tr\/wp-json\/wp\/v2\/posts"}],"about":[{"href":"https:\/\/emredardokuma.com\/tr\/wp-json\/wp\/v2\/types\/post"}],"author":[{"embeddable":true,"href":"https:\/\/emredardokuma.com\/tr\/wp-json\/wp\/v2\/users\/3"}],"replies":[{"embeddable":true,"href":"https:\/\/emredardokuma.com\/tr\/wp-json\/wp\/v2\/comments?post=3544"}],"version-history":[{"count":5,"href":"https:\/\/emredardokuma.com\/tr\/wp-json\/wp\/v2\/posts\/3544\/revisions"}],"predecessor-version":[{"id":3681,"href":"https:\/\/emredardokuma.com\/tr\/wp-json\/wp\/v2\/posts\/3544\/revisions\/3681"}],"wp:featuredmedia":[{"embeddable":true,"href":"https:\/\/emredardokuma.com\/tr\/wp-json\/wp\/v2\/media\/3512"}],"wp:attachment":[{"href":"https:\/\/emredardokuma.com\/tr\/wp-json\/wp\/v2\/media?parent=3544"}],"wp:term":[{"taxonomy":"category","embeddable":true,"href":"https:\/\/emredardokuma.com\/tr\/wp-json\/wp\/v2\/categories?post=3544"},{"taxonomy":"post_tag","embeddable":true,"href":"https:\/\/emredardokuma.com\/tr\/wp-json\/wp\/v2\/tags?post=3544"}],"curies":[{"name":"wp","href":"https:\/\/api.w.org\/{rel}","templated":true}]}}